{"id":13715,"date":"2023-07-12T10:24:33","date_gmt":"2023-07-12T13:24:33","guid":{"rendered":"https:\/\/radiostudiow.com.br\/site\/?p=13715"},"modified":"2025-01-31T15:06:41","modified_gmt":"2025-01-31T18:06:41","slug":"acidente-com-obito-e-registrado-na-br-376-em-palmeira-nesta-terca","status":"publish","type":"post","link":"https:\/\/radiostudiow.com.br\/site\/2023\/07\/12\/acidente-com-obito-e-registrado-na-br-376-em-palmeira-nesta-terca\/","title":{"rendered":"Acidente com \u00f3bito \u00e9 registrado na BR-376 em Palmeira nesta ter\u00e7a"},"content":{"rendered":"<div class=\"wp-block-image\">\n<figure class=\"aligncenter size-full\"><img decoding=\"async\" src=\"https:\/\/radiostudiow.com.br\/site\/wp-content\/uploads\/2022\/07\/WRNET.jpg\" alt=\"\" class=\"wp-image-8313\"\/><\/figure>\n<\/div>\n\n\n<p>O Corpo de Bombeiros e a Pol\u00edcia Rodovi\u00e1ria Federal (PRF), atenderam um acidente de tr\u00e2nsito na manh\u00e3 desta ter\u00e7a-feira, 11, na BR-376 em Palmeira.<\/p>\n\n\n\n<p>Segundo as primeiras informa\u00e7\u00f5es repassadas pela PRF, um autom\u00f3vel Nissan Versa seguia no sentido Ponta Grossa \u2013 Curitiba, quando seu condutor perdeu o controle da dire\u00e7\u00e3o, atravessou o canteiro central e acessou a pista sentido Curitiba \u2013 Ponta Grossa, momento em que colidiu frontalmente com um ve\u00edculo Volvo.<\/p>\n\n\n<div class=\"wp-block-image\">\n<figure class=\"aligncenter size-full\"><img loading=\"lazy\" decoding=\"async\" width=\"897\" height=\"204\" src=\"https:\/\/radiostudiow.com.br\/site\/wp-content\/uploads\/2023\/07\/image-10.jpg\" alt=\"\" class=\"wp-image-13707\" srcset=\"https:\/\/radiostudiow.com.br\/site\/wp-content\/uploads\/2023\/07\/image-10.jpg 897w, https:\/\/radiostudiow.com.br\/site\/wp-content\/uploads\/2023\/07\/image-10-300x68.jpg 300w, https:\/\/radiostudiow.com.br\/site\/wp-content\/uploads\/2023\/07\/image-10-768x175.jpg 768w\" sizes=\"auto, (max-width: 897px) 100vw, 897px\" \/><\/figure>\n<\/div>\n\n\n<p>O Corpo de Bombeiros confirmou o \u00f3bito de um homem ocupante do autom\u00f3vel Nissan Versa. O motorista do Volvo saiu ileso da batida, realizou teste de etil\u00f4metro, com resultado negativo.<\/p>\n\n\n\n<p>O Instituto M\u00e9dico Legal (IML) e o Instituto de Criminal\u00edstica foram acionados. O corpo ser\u00e1 removido para o IML de Ponta Grossa.<\/p>\n\n\n<div class=\"wp-block-image\">\n<figure class=\"aligncenter size-full\"><img decoding=\"async\" src=\"https:\/\/radiostudiow.com.br\/site\/wp-content\/uploads\/2022\/07\/AFUBRE-IRATI.jpg\" alt=\"\" class=\"wp-image-7992\"\/><\/figure>\n<\/div>","protected":false},"excerpt":{"rendered":"<p>O Corpo de Bombeiros e a Pol\u00edcia Rodovi\u00e1ria Federal (PRF), atenderam um acidente de tr\u00e2nsito na manh\u00e3 desta ter\u00e7a-feira, 11, na BR-376 em Palmeira. Segundo as primeiras informa\u00e7\u00f5es repassadas pela PRF, um autom\u00f3vel Nissan Versa seguia no sentido Ponta Grossa \u2013 Curitiba, quando seu condutor perdeu o controle da dire\u00e7\u00e3o, atravessou o canteiro central e [&hellip;]<\/p>\n","protected":false},"author":2,"featured_media":13716,"comment_status":"open","ping_status":"open","sticky":false,"template":"","format":"standard","meta":{"footnotes":""},"categories":[7,185],"tags":[172],"class_list":["post-13715","post","type-post","status-publish","format-standard","has-post-thumbnail","hentry","category-geral","category-regional","tag-featured"],"amp_enabled":true,"_links":{"self":[{"href":"https:\/\/radiostudiow.com.br\/site\/wp-json\/wp\/v2\/posts\/13715","targetHints":{"allow":["GET"]}}],"collection":[{"href":"https:\/\/radiostudiow.com.br\/site\/wp-json\/wp\/v2\/posts"}],"about":[{"href":"https:\/\/radiostudiow.com.br\/site\/wp-json\/wp\/v2\/types\/post"}],"author":[{"embeddable":true,"href":"https:\/\/radiostudiow.com.br\/site\/wp-json\/wp\/v2\/users\/2"}],"replies":[{"embeddable":true,"href":"https:\/\/radiostudiow.com.br\/site\/wp-json\/wp\/v2\/comments?post=13715"}],"version-history":[{"count":1,"href":"https:\/\/radiostudiow.com.br\/site\/wp-json\/wp\/v2\/posts\/13715\/revisions"}],"predecessor-version":[{"id":13717,"href":"https:\/\/radiostudiow.com.br\/site\/wp-json\/wp\/v2\/posts\/13715\/revisions\/13717"}],"wp:featuredmedia":[{"embeddable":true,"href":"https:\/\/radiostudiow.com.br\/site\/wp-json\/wp\/v2\/media\/13716"}],"wp:attachment":[{"href":"https:\/\/radiostudiow.com.br\/site\/wp-json\/wp\/v2\/media?parent=13715"}],"wp:term":[{"taxonomy":"category","embeddable":true,"href":"https:\/\/radiostudiow.com.br\/site\/wp-json\/wp\/v2\/categories?post=13715"},{"taxonomy":"post_tag","embeddable":true,"href":"https:\/\/radiostudiow.com.br\/site\/wp-json\/wp\/v2\/tags?post=13715"}],"curies":[{"name":"wp","href":"https:\/\/api.w.org\/{rel}","templated":true}]}}