{"id":13718,"date":"2023-07-12T10:28:46","date_gmt":"2023-07-12T13:28:46","guid":{"rendered":"https:\/\/radiostudiow.com.br\/site\/?p=13718"},"modified":"2025-01-31T15:06:41","modified_gmt":"2025-01-31T18:06:41","slug":"grave-acidente-na-br-153-em-general-carneiro-deixa-uma-pessoa-morta","status":"publish","type":"post","link":"https:\/\/radiostudiow.com.br\/site\/2023\/07\/12\/grave-acidente-na-br-153-em-general-carneiro-deixa-uma-pessoa-morta\/","title":{"rendered":"Grave acidente na BR-153 em General Carneiro deixa uma pessoa morta"},"content":{"rendered":"\n<figure class=\"wp-block-image size-full\"><img decoding=\"async\" src=\"https:\/\/radiostudiow.com.br\/site\/wp-content\/uploads\/2022\/03\/SICREDI.jpg\" alt=\"\" class=\"wp-image-6409\"\/><\/figure>\n\n\n\n<p>Nesta ter\u00e7a-feira, dia 11 de julho, por volta das 16h30min, mais uma trag\u00e9dia foi registrada na rodovia BR-153 na cidade de General Carneiro.&nbsp;<\/p>\n\n\n\n<p>De acordo com as primeiras informa\u00e7\u00f5es, um grave acidente tirou a vida de mais um motorista.<\/p>\n\n\n\n<p>&nbsp;O acidente aconteceu na altura do KM 500, pr\u00f3ximo ao trecho conhecido como&nbsp; &#8220;casinhas do forte&#8221; e envolveu um caminh\u00e3o e um autom\u00f3vel.<\/p>\n\n\n<div class=\"wp-block-image\">\n<figure class=\"aligncenter size-full\"><img loading=\"lazy\" decoding=\"async\" width=\"897\" height=\"204\" src=\"https:\/\/radiostudiow.com.br\/site\/wp-content\/uploads\/2023\/07\/image-10.jpg\" alt=\"\" class=\"wp-image-13707\" srcset=\"https:\/\/radiostudiow.com.br\/site\/wp-content\/uploads\/2023\/07\/image-10.jpg 897w, https:\/\/radiostudiow.com.br\/site\/wp-content\/uploads\/2023\/07\/image-10-300x68.jpg 300w, https:\/\/radiostudiow.com.br\/site\/wp-content\/uploads\/2023\/07\/image-10-768x175.jpg 768w\" sizes=\"auto, (max-width: 897px) 100vw, 897px\" \/><\/figure>\n<\/div>\n\n\n<p>O carro ficou destru\u00eddo e ca\u00eddo fora da pista.<\/p>\n\n\n\n<p>O motorista acabou sendo ejetado do ve\u00edculo e n\u00e3o resistiu aos ferimentos vindo a morrer no local.<\/p>\n\n\n\n<p>Os Bombeiros Comunit\u00e1rios de General Carneiro deslocaram para atender a ocorr\u00eancia e o tr\u00e2nsito no local exigiu aten\u00e7\u00e3o dos motoristas.&nbsp;<\/p>\n\n\n\n<p>O IML (Instituto M\u00e9dico Legal) de Uni\u00e3o da Vit\u00f3ria esteve no local para recolher o corpo.<\/p>\n\n\n\n<p>Segundo testemunhas chovia muito na hora do acidente.<\/p>\n\n\n<div class=\"wp-block-image\">\n<figure class=\"aligncenter size-full\"><img decoding=\"async\" src=\"https:\/\/radiostudiow.com.br\/site\/wp-content\/uploads\/2022\/07\/CAFE.jpg\" alt=\"\" class=\"wp-image-8288\"\/><\/figure>\n<\/div>\n\n\n<p class=\"has-text-color\" style=\"color:#ffffff00\">.<\/p>\n\n\n\n<figure class=\"wp-block-gallery aligncenter has-nested-images columns-1 is-cropped wp-block-gallery-1 is-layout-flex wp-block-gallery-is-layout-flex\">\n<figure class=\"wp-block-image size-large\"><img loading=\"lazy\" decoding=\"async\" width=\"886\" height=\"601\" data-id=\"13720\" src=\"https:\/\/radiostudiow.com.br\/site\/wp-content\/uploads\/2023\/07\/Imagem-do-WhatsApp-de-2023-07-11-as-18.32.56.jpg\" alt=\"\" class=\"wp-image-13720\" srcset=\"https:\/\/radiostudiow.com.br\/site\/wp-content\/uploads\/2023\/07\/Imagem-do-WhatsApp-de-2023-07-11-as-18.32.56.jpg 886w, https:\/\/radiostudiow.com.br\/site\/wp-content\/uploads\/2023\/07\/Imagem-do-WhatsApp-de-2023-07-11-as-18.32.56-300x203.jpg 300w, https:\/\/radiostudiow.com.br\/site\/wp-content\/uploads\/2023\/07\/Imagem-do-WhatsApp-de-2023-07-11-as-18.32.56-768x521.jpg 768w\" sizes=\"auto, (max-width: 886px) 100vw, 886px\" \/><\/figure>\n\n\n\n<figure class=\"wp-block-image size-large\"><img loading=\"lazy\" decoding=\"async\" width=\"884\" height=\"553\" data-id=\"13721\" src=\"https:\/\/radiostudiow.com.br\/site\/wp-content\/uploads\/2023\/07\/Imagem-do-WhatsApp-de-2023-07-11-as-18.33.19.jpg\" alt=\"\" class=\"wp-image-13721\" srcset=\"https:\/\/radiostudiow.com.br\/site\/wp-content\/uploads\/2023\/07\/Imagem-do-WhatsApp-de-2023-07-11-as-18.33.19.jpg 884w, https:\/\/radiostudiow.com.br\/site\/wp-content\/uploads\/2023\/07\/Imagem-do-WhatsApp-de-2023-07-11-as-18.33.19-300x188.jpg 300w, https:\/\/radiostudiow.com.br\/site\/wp-content\/uploads\/2023\/07\/Imagem-do-WhatsApp-de-2023-07-11-as-18.33.19-768x480.jpg 768w\" sizes=\"auto, (max-width: 884px) 100vw, 884px\" \/><\/figure>\n\n\n\n<figure class=\"wp-block-image size-large\"><img loading=\"lazy\" decoding=\"async\" width=\"832\" height=\"509\" data-id=\"13719\" src=\"https:\/\/radiostudiow.com.br\/site\/wp-content\/uploads\/2023\/07\/Imagem-do-WhatsApp-de-2023-07-11-as-18.33.41.jpg\" alt=\"\" class=\"wp-image-13719\" srcset=\"https:\/\/radiostudiow.com.br\/site\/wp-content\/uploads\/2023\/07\/Imagem-do-WhatsApp-de-2023-07-11-as-18.33.41.jpg 832w, https:\/\/radiostudiow.com.br\/site\/wp-content\/uploads\/2023\/07\/Imagem-do-WhatsApp-de-2023-07-11-as-18.33.41-300x184.jpg 300w, https:\/\/radiostudiow.com.br\/site\/wp-content\/uploads\/2023\/07\/Imagem-do-WhatsApp-de-2023-07-11-as-18.33.41-768x470.jpg 768w\" sizes=\"auto, (max-width: 832px) 100vw, 832px\" \/><\/figure>\n<\/figure>\n","protected":false},"excerpt":{"rendered":"<p>Nesta ter\u00e7a-feira, dia 11 de julho, por volta das 16h30min, mais uma trag\u00e9dia foi registrada na rodovia BR-153 na cidade de General Carneiro.&nbsp; De acordo com as primeiras informa\u00e7\u00f5es, um grave acidente tirou a vida de mais um motorista. &nbsp;O acidente aconteceu na altura do KM 500, pr\u00f3ximo ao trecho conhecido como&nbsp; &#8220;casinhas do forte&#8221; [&hellip;]<\/p>\n","protected":false},"author":2,"featured_media":13719,"comment_status":"open","ping_status":"open","sticky":false,"template":"","format":"standard","meta":{"footnotes":""},"categories":[7,185],"tags":[172],"class_list":["post-13718","post","type-post","status-publish","format-standard","has-post-thumbnail","hentry","category-geral","category-regional","tag-featured"],"amp_enabled":true,"_links":{"self":[{"href":"https:\/\/radiostudiow.com.br\/site\/wp-json\/wp\/v2\/posts\/13718","targetHints":{"allow":["GET"]}}],"collection":[{"href":"https:\/\/radiostudiow.com.br\/site\/wp-json\/wp\/v2\/posts"}],"about":[{"href":"https:\/\/radiostudiow.com.br\/site\/wp-json\/wp\/v2\/types\/post"}],"author":[{"embeddable":true,"href":"https:\/\/radiostudiow.com.br\/site\/wp-json\/wp\/v2\/users\/2"}],"replies":[{"embeddable":true,"href":"https:\/\/radiostudiow.com.br\/site\/wp-json\/wp\/v2\/comments?post=13718"}],"version-history":[{"count":2,"href":"https:\/\/radiostudiow.com.br\/site\/wp-json\/wp\/v2\/posts\/13718\/revisions"}],"predecessor-version":[{"id":13731,"href":"https:\/\/radiostudiow.com.br\/site\/wp-json\/wp\/v2\/posts\/13718\/revisions\/13731"}],"wp:featuredmedia":[{"embeddable":true,"href":"https:\/\/radiostudiow.com.br\/site\/wp-json\/wp\/v2\/media\/13719"}],"wp:attachment":[{"href":"https:\/\/radiostudiow.com.br\/site\/wp-json\/wp\/v2\/media?parent=13718"}],"wp:term":[{"taxonomy":"category","embeddable":true,"href":"https:\/\/radiostudiow.com.br\/site\/wp-json\/wp\/v2\/categories?post=13718"},{"taxonomy":"post_tag","embeddable":true,"href":"https:\/\/radiostudiow.com.br\/site\/wp-json\/wp\/v2\/tags?post=13718"}],"curies":[{"name":"wp","href":"https:\/\/api.w.org\/{rel}","templated":true}]}}