{"id":13735,"date":"2023-07-13T09:38:02","date_gmt":"2023-07-13T12:38:02","guid":{"rendered":"https:\/\/radiostudiow.com.br\/site\/?p=13735"},"modified":"2025-01-31T15:06:41","modified_gmt":"2025-01-31T18:06:41","slug":"bombeiros-comunitarios-de-mallet-tem-muito-trabalho-durante-a-noite","status":"publish","type":"post","link":"https:\/\/radiostudiow.com.br\/site\/2023\/07\/13\/bombeiros-comunitarios-de-mallet-tem-muito-trabalho-durante-a-noite\/","title":{"rendered":"BOMBEIROS COMUNIT\u00c1RIOS DE MALLET TEM MUITO TRABALHO DURANTE A NOITE"},"content":{"rendered":"<div class=\"wp-block-image\">\n<figure class=\"aligncenter size-full\"><img decoding=\"async\" src=\"https:\/\/radiostudiow.com.br\/site\/wp-content\/uploads\/2022\/06\/NUTRI-MALLET.jpg\" alt=\"\" class=\"wp-image-7772\"\/><\/figure>\n<\/div>\n\n\n<p>Com a chegada do ciclone extratropical no estado, a cidade de Mallet est\u00e1 sendo atingida com fortes rajadas de vento.<\/p>\n\n\n\n<p>E tanto \u00e0 noite como agora pela manh\u00e3, os Bombeiros Comunit\u00e1rios atenderam chamados de indica\u00e7\u00e3o de \u00e1rvores ca\u00eddas sobre estradas e na rodovia BR 153.<\/p>\n\n\n\n<p>ASSISTA HOJE NO<\/p>\n\n\n\n<p>W NOT\u00cdCIAS<\/p>\n\n\n\n<p>TODOS OS DETALHES DA CHEGADA DESSE CICLONE EXTRATROPICAL NA NOSSA REGI\u00c3O, O QUAL DEIXOU MUITOS ESTRAGOS EM DIVERSAS CIDADES.<\/p>\n\n\n\n<p>HOJE AS 19:30 HORAS NA STUDIO W TV.<\/p>\n\n\n<div class=\"wp-block-image\">\n<figure class=\"aligncenter size-full\"><img loading=\"lazy\" decoding=\"async\" width=\"897\" height=\"204\" src=\"https:\/\/radiostudiow.com.br\/site\/wp-content\/uploads\/2023\/06\/image-10.png\" alt=\"\" class=\"wp-image-13307\" srcset=\"https:\/\/radiostudiow.com.br\/site\/wp-content\/uploads\/2023\/06\/image-10.png 897w, https:\/\/radiostudiow.com.br\/site\/wp-content\/uploads\/2023\/06\/image-10-300x68.png 300w, https:\/\/radiostudiow.com.br\/site\/wp-content\/uploads\/2023\/06\/image-10-768x175.png 768w\" sizes=\"auto, (max-width: 897px) 100vw, 897px\" \/><\/figure>\n<\/div>","protected":false},"excerpt":{"rendered":"<p>Com a chegada do ciclone extratropical no estado, a cidade de Mallet est\u00e1 sendo atingida com fortes rajadas de vento. E tanto \u00e0 noite como agora pela manh\u00e3, os Bombeiros Comunit\u00e1rios atenderam chamados de indica\u00e7\u00e3o de \u00e1rvores ca\u00eddas sobre estradas e na rodovia BR 153. ASSISTA HOJE NO W NOT\u00cdCIAS TODOS OS DETALHES DA CHEGADA [&hellip;]<\/p>\n","protected":false},"author":2,"featured_media":13736,"comment_status":"open","ping_status":"open","sticky":false,"template":"","format":"standard","meta":{"footnotes":""},"categories":[7,184],"tags":[172],"class_list":["post-13735","post","type-post","status-publish","format-standard","has-post-thumbnail","hentry","category-geral","category-local","tag-featured"],"amp_enabled":true,"_links":{"self":[{"href":"https:\/\/radiostudiow.com.br\/site\/wp-json\/wp\/v2\/posts\/13735","targetHints":{"allow":["GET"]}}],"collection":[{"href":"https:\/\/radiostudiow.com.br\/site\/wp-json\/wp\/v2\/posts"}],"about":[{"href":"https:\/\/radiostudiow.com.br\/site\/wp-json\/wp\/v2\/types\/post"}],"author":[{"embeddable":true,"href":"https:\/\/radiostudiow.com.br\/site\/wp-json\/wp\/v2\/users\/2"}],"replies":[{"embeddable":true,"href":"https:\/\/radiostudiow.com.br\/site\/wp-json\/wp\/v2\/comments?post=13735"}],"version-history":[{"count":1,"href":"https:\/\/radiostudiow.com.br\/site\/wp-json\/wp\/v2\/posts\/13735\/revisions"}],"predecessor-version":[{"id":13737,"href":"https:\/\/radiostudiow.com.br\/site\/wp-json\/wp\/v2\/posts\/13735\/revisions\/13737"}],"wp:featuredmedia":[{"embeddable":true,"href":"https:\/\/radiostudiow.com.br\/site\/wp-json\/wp\/v2\/media\/13736"}],"wp:attachment":[{"href":"https:\/\/radiostudiow.com.br\/site\/wp-json\/wp\/v2\/media?parent=13735"}],"wp:term":[{"taxonomy":"category","embeddable":true,"href":"https:\/\/radiostudiow.com.br\/site\/wp-json\/wp\/v2\/categories?post=13735"},{"taxonomy":"post_tag","embeddable":true,"href":"https:\/\/radiostudiow.com.br\/site\/wp-json\/wp\/v2\/tags?post=13735"}],"curies":[{"name":"wp","href":"https:\/\/api.w.org\/{rel}","templated":true}]}}