{"id":13738,"date":"2023-07-13T11:40:06","date_gmt":"2023-07-13T14:40:06","guid":{"rendered":"https:\/\/radiostudiow.com.br\/site\/?p=13738"},"modified":"2025-01-31T15:06:41","modified_gmt":"2025-01-31T18:06:41","slug":"grave-acidente-entre-caminhoes-deixa-um-morto-e-interdita-faixas-na-br-277","status":"publish","type":"post","link":"https:\/\/radiostudiow.com.br\/site\/2023\/07\/13\/grave-acidente-entre-caminhoes-deixa-um-morto-e-interdita-faixas-na-br-277\/","title":{"rendered":"Grave acidente entre caminh\u00f5es deixa um morto e interdita faixas na BR-277"},"content":{"rendered":"<div class=\"wp-block-image\">\n<figure class=\"aligncenter size-large\"><img decoding=\"async\" src=\"https:\/\/radiostudiow.com.br\/site\/wp-content\/uploads\/2023\/01\/capa-1024x384.jpg\" alt=\"\" class=\"wp-image-10696\"\/><\/figure>\n<\/div>\n\n\n<p>Uma pessoa morreu e outras ficaram feridas, na tarde desta quarta-feira (12), ap\u00f3s grave acidente no quil\u00f4metro 189 da BR-277, em Palmeira, nos Campos Gerais.<\/p>\n\n\n\n<p>De acordo com informa\u00e7\u00f5es iniciais, divulgadas pela Pol\u00edcia Rodovi\u00e1ria Federal (PRF), a batida envolveu tr\u00eas caminh\u00f5es. Todas as faixas foram bloqueadas para o atendimento.<\/p>\n\n\n<div class=\"wp-block-image\">\n<figure class=\"aligncenter size-full\"><img loading=\"lazy\" decoding=\"async\" width=\"897\" height=\"204\" src=\"https:\/\/radiostudiow.com.br\/site\/wp-content\/uploads\/2023\/06\/image-10.png\" alt=\"\" class=\"wp-image-13307\" srcset=\"https:\/\/radiostudiow.com.br\/site\/wp-content\/uploads\/2023\/06\/image-10.png 897w, https:\/\/radiostudiow.com.br\/site\/wp-content\/uploads\/2023\/06\/image-10-300x68.png 300w, https:\/\/radiostudiow.com.br\/site\/wp-content\/uploads\/2023\/06\/image-10-768x175.png 768w\" sizes=\"auto, (max-width: 897px) 100vw, 897px\" \/><\/figure>\n<\/div>\n\n\n<p>Ainda n\u00e3o h\u00e1 informa\u00e7\u00f5es de como o acidente teria acontecido. Equipes do Corpo de Bombeiros e do Samu atuam no local.<\/p>\n\n\n\n<p>Com a confirma\u00e7\u00e3o de uma morte, o Instituto M\u00e9dico Legal (IML) e o Instituto de Criminal\u00edstica foram acionados para o local.<\/p>\n\n\n<div class=\"wp-block-image\">\n<figure class=\"aligncenter size-full is-resized\"><img loading=\"lazy\" decoding=\"async\" src=\"https:\/\/radiostudiow.com.br\/site\/wp-content\/uploads\/2022\/07\/WRNET.jpg\" alt=\"\" class=\"wp-image-8313\" width=\"598\" height=\"204\"\/><\/figure>\n<\/div>\n\n<div class=\"wp-block-image\">\n<figure class=\"aligncenter size-large\"><img decoding=\"async\" src=\"https:\/\/radiostudiow.com.br\/site\/wp-content\/uploads\/2023\/07\/Imagem-do-WhatsApp-de-2023-07-12-as-18.49.21-461x1024.jpg\" alt=\"\" class=\"wp-image-13739\"\/><\/figure>\n<\/div>\n\n<div class=\"wp-block-image\">\n<figure class=\"aligncenter size-large is-resized\"><img loading=\"lazy\" decoding=\"async\" src=\"https:\/\/radiostudiow.com.br\/site\/wp-content\/uploads\/2023\/07\/Imagem-do-WhatsApp-de-2023-07-12-as-18.49.21-1-461x1024.jpg\" alt=\"\" class=\"wp-image-13740\" width=\"457\" height=\"1015\"\/><\/figure>\n<\/div>\n\n<div class=\"wp-block-image\">\n<figure class=\"aligncenter size-large\"><img decoding=\"async\" src=\"https:\/\/radiostudiow.com.br\/site\/wp-content\/uploads\/2023\/07\/Imagem-do-WhatsApp-de-2023-07-12-as-18.49.21-2-461x1024.jpg\" alt=\"\" class=\"wp-image-13741\"\/><\/figure>\n<\/div>\n\n<div class=\"wp-block-image\">\n<figure class=\"aligncenter size-large\"><img decoding=\"async\" src=\"https:\/\/radiostudiow.com.br\/site\/wp-content\/uploads\/2023\/07\/Imagem-do-WhatsApp-de-2023-07-12-as-18.49.21-3-460x1024.jpg\" alt=\"\" class=\"wp-image-13742\"\/><\/figure>\n<\/div>\n\n<div class=\"wp-block-image\">\n<figure class=\"aligncenter size-large\"><img decoding=\"async\" src=\"https:\/\/radiostudiow.com.br\/site\/wp-content\/uploads\/2023\/07\/Imagem-do-WhatsApp-de-2023-07-12-as-18.49.22-461x1024.jpg\" alt=\"\" class=\"wp-image-13743\"\/><\/figure>\n<\/div>\n\n<div class=\"wp-block-image\">\n<figure class=\"aligncenter size-large\"><img decoding=\"async\" src=\"https:\/\/radiostudiow.com.br\/site\/wp-content\/uploads\/2023\/07\/Imagem-do-WhatsApp-de-2023-07-12-as-18.49.22-1-460x1024.jpg\" alt=\"\" class=\"wp-image-13744\"\/><\/figure>\n<\/div>\n\n\n<p>Fotos: Redes Sociais<\/p>\n","protected":false},"excerpt":{"rendered":"<p>Uma pessoa morreu e outras ficaram feridas, na tarde desta quarta-feira (12), ap\u00f3s grave acidente no quil\u00f4metro 189 da BR-277, em Palmeira, nos Campos Gerais. De acordo com informa\u00e7\u00f5es iniciais, divulgadas pela Pol\u00edcia Rodovi\u00e1ria Federal (PRF), a batida envolveu tr\u00eas caminh\u00f5es. Todas as faixas foram bloqueadas para o atendimento. Ainda n\u00e3o h\u00e1 informa\u00e7\u00f5es de como [&hellip;]<\/p>\n","protected":false},"author":2,"featured_media":0,"comment_status":"open","ping_status":"open","sticky":false,"template":"","format":"standard","meta":{"footnotes":""},"categories":[185],"tags":[172],"class_list":["post-13738","post","type-post","status-publish","format-standard","hentry","category-regional","tag-featured"],"amp_enabled":true,"_links":{"self":[{"href":"https:\/\/radiostudiow.com.br\/site\/wp-json\/wp\/v2\/posts\/13738","targetHints":{"allow":["GET"]}}],"collection":[{"href":"https:\/\/radiostudiow.com.br\/site\/wp-json\/wp\/v2\/posts"}],"about":[{"href":"https:\/\/radiostudiow.com.br\/site\/wp-json\/wp\/v2\/types\/post"}],"author":[{"embeddable":true,"href":"https:\/\/radiostudiow.com.br\/site\/wp-json\/wp\/v2\/users\/2"}],"replies":[{"embeddable":true,"href":"https:\/\/radiostudiow.com.br\/site\/wp-json\/wp\/v2\/comments?post=13738"}],"version-history":[{"count":1,"href":"https:\/\/radiostudiow.com.br\/site\/wp-json\/wp\/v2\/posts\/13738\/revisions"}],"predecessor-version":[{"id":13745,"href":"https:\/\/radiostudiow.com.br\/site\/wp-json\/wp\/v2\/posts\/13738\/revisions\/13745"}],"wp:attachment":[{"href":"https:\/\/radiostudiow.com.br\/site\/wp-json\/wp\/v2\/media?parent=13738"}],"wp:term":[{"taxonomy":"category","embeddable":true,"href":"https:\/\/radiostudiow.com.br\/site\/wp-json\/wp\/v2\/categories?post=13738"},{"taxonomy":"post_tag","embeddable":true,"href":"https:\/\/radiostudiow.com.br\/site\/wp-json\/wp\/v2\/tags?post=13738"}],"curies":[{"name":"wp","href":"https:\/\/api.w.org\/{rel}","templated":true}]}}