{"id":13748,"date":"2023-07-13T11:45:58","date_gmt":"2023-07-13T14:45:58","guid":{"rendered":"https:\/\/radiostudiow.com.br\/site\/?p=13748"},"modified":"2025-01-31T15:06:41","modified_gmt":"2025-01-31T18:06:41","slug":"homem-sofre-agressoes-em-uniao-da-vitoria-e-suspeito-foge-do-local","status":"publish","type":"post","link":"https:\/\/radiostudiow.com.br\/site\/2023\/07\/13\/homem-sofre-agressoes-em-uniao-da-vitoria-e-suspeito-foge-do-local\/","title":{"rendered":"Homem sofre agress\u00f5es em Uni\u00e3o da Vit\u00f3ria e suspeito foge do local"},"content":{"rendered":"\n<figure class=\"wp-block-image size-full\"><img decoding=\"async\" src=\"https:\/\/radiostudiow.com.br\/site\/wp-content\/uploads\/2022\/03\/SICREDI.jpg\" alt=\"\" class=\"wp-image-6409\"\/><\/figure>\n\n\n\n<p>Na manh\u00e3 desta ter\u00e7a-feira, uma ocorr\u00eancia de les\u00e3o corporal mobilizou as autoridades locais em Uni\u00e3o da Vit\u00f3ria. A pol\u00edcia foi acionada para verificar uma situa\u00e7\u00e3o de agress\u00e3o com arma branca na Unidade de Pronto Atendimento (UPA) do munic\u00edpio.<\/p>\n\n\n\n<p>Ao chegarem ao local, os policiais depararam-se com um homem ferido, que informou ter sido atacado com golpes de uma garrafa de vidro em sua cabe\u00e7a. Segundo o relato da v\u00edtima, ele estava na casa de um amigo durante a noite, onde consumiu bebidas alco\u00f3licas e adormeceu. No entanto, foi surpreendido pelos violentos golpes ao despertar.<\/p>\n\n\n\n<p>A v\u00edtima suspeita que o agressor possa ser outro indiv\u00edduo que estava na mesma resid\u00eancia, mas n\u00e3o soube fornecer o nome correto nem caracter\u00edsticas f\u00edsicas precisas do autor. Al\u00e9m disso, relatou que sua bicicleta, um modelo Gios de cor preta com escrita verde, pode ter sido roubada pelo agressor ap\u00f3s as agress\u00f5es.<\/p>\n\n\n<div class=\"wp-block-image\">\n<figure class=\"aligncenter size-full\"><img loading=\"lazy\" decoding=\"async\" width=\"897\" height=\"204\" src=\"https:\/\/radiostudiow.com.br\/site\/wp-content\/uploads\/2023\/06\/image-10.png\" alt=\"\" class=\"wp-image-13307\" srcset=\"https:\/\/radiostudiow.com.br\/site\/wp-content\/uploads\/2023\/06\/image-10.png 897w, https:\/\/radiostudiow.com.br\/site\/wp-content\/uploads\/2023\/06\/image-10-300x68.png 300w, https:\/\/radiostudiow.com.br\/site\/wp-content\/uploads\/2023\/06\/image-10-768x175.png 768w\" sizes=\"auto, (max-width: 897px) 100vw, 897px\" \/><\/figure>\n<\/div>\n\n\n<p>Minutos depois, outro homem que estava na mesma resid\u00eancia deu entrada na emerg\u00eancia com diversos cortes profundos na face e no pesco\u00e7o. Apesar dos ferimentos, ele estava consciente e l\u00facido. A equipe policial deslocou-se at\u00e9 a resid\u00eancia indicada como o local dos fatos, na Rua Bernardino Saldanha Muniz, e conversou com uma testemunha.<\/p>\n\n\n\n<p>A testemunha informou ter avistado um homem vestindo moletom branco e com uma bicicleta branca deixando o local. Os policiais realizaram patrulhamento com o objetivo de localizar o suspeito, mas como a v\u00edtima n\u00e3o conseguiu fornecer o nome ou endere\u00e7o do agressor, e tamb\u00e9m n\u00e3o foi identificado nenhum indiv\u00edduo conduzindo uma bicicleta com as caracter\u00edsticas mencionadas, a v\u00edtima foi liberada no local.<\/p>\n\n\n<div class=\"wp-block-image\">\n<figure class=\"aligncenter size-full\"><img decoding=\"async\" src=\"https:\/\/radiostudiow.com.br\/site\/wp-content\/uploads\/2022\/07\/AFUBRE-IRATI.jpg\" alt=\"\" class=\"wp-image-7992\"\/><\/figure>\n<\/div>","protected":false},"excerpt":{"rendered":"<p>Na manh\u00e3 desta ter\u00e7a-feira, uma ocorr\u00eancia de les\u00e3o corporal mobilizou as autoridades locais em Uni\u00e3o da Vit\u00f3ria. A pol\u00edcia foi acionada para verificar uma situa\u00e7\u00e3o de agress\u00e3o com arma branca na Unidade de Pronto Atendimento (UPA) do munic\u00edpio. Ao chegarem ao local, os policiais depararam-se com um homem ferido, que informou ter sido atacado com [&hellip;]<\/p>\n","protected":false},"author":2,"featured_media":13676,"comment_status":"open","ping_status":"open","sticky":false,"template":"","format":"standard","meta":{"footnotes":""},"categories":[2,185],"tags":[172],"class_list":["post-13748","post","type-post","status-publish","format-standard","has-post-thumbnail","hentry","category-policial","category-regional","tag-featured"],"amp_enabled":true,"_links":{"self":[{"href":"https:\/\/radiostudiow.com.br\/site\/wp-json\/wp\/v2\/posts\/13748","targetHints":{"allow":["GET"]}}],"collection":[{"href":"https:\/\/radiostudiow.com.br\/site\/wp-json\/wp\/v2\/posts"}],"about":[{"href":"https:\/\/radiostudiow.com.br\/site\/wp-json\/wp\/v2\/types\/post"}],"author":[{"embeddable":true,"href":"https:\/\/radiostudiow.com.br\/site\/wp-json\/wp\/v2\/users\/2"}],"replies":[{"embeddable":true,"href":"https:\/\/radiostudiow.com.br\/site\/wp-json\/wp\/v2\/comments?post=13748"}],"version-history":[{"count":1,"href":"https:\/\/radiostudiow.com.br\/site\/wp-json\/wp\/v2\/posts\/13748\/revisions"}],"predecessor-version":[{"id":13749,"href":"https:\/\/radiostudiow.com.br\/site\/wp-json\/wp\/v2\/posts\/13748\/revisions\/13749"}],"wp:featuredmedia":[{"embeddable":true,"href":"https:\/\/radiostudiow.com.br\/site\/wp-json\/wp\/v2\/media\/13676"}],"wp:attachment":[{"href":"https:\/\/radiostudiow.com.br\/site\/wp-json\/wp\/v2\/media?parent=13748"}],"wp:term":[{"taxonomy":"category","embeddable":true,"href":"https:\/\/radiostudiow.com.br\/site\/wp-json\/wp\/v2\/categories?post=13748"},{"taxonomy":"post_tag","embeddable":true,"href":"https:\/\/radiostudiow.com.br\/site\/wp-json\/wp\/v2\/tags?post=13748"}],"curies":[{"name":"wp","href":"https:\/\/api.w.org\/{rel}","templated":true}]}}