{"id":13750,"date":"2023-07-13T11:55:19","date_gmt":"2023-07-13T14:55:19","guid":{"rendered":"https:\/\/radiostudiow.com.br\/site\/?p=13750"},"modified":"2025-01-31T15:06:41","modified_gmt":"2025-01-31T18:06:41","slug":"policia-detem-homem-em-posse-de-quase-1-kg-de-maconha-em-uniao-da-vitoria","status":"publish","type":"post","link":"https:\/\/radiostudiow.com.br\/site\/2023\/07\/13\/policia-detem-homem-em-posse-de-quase-1-kg-de-maconha-em-uniao-da-vitoria\/","title":{"rendered":"Pol\u00edcia det\u00e9m homem em posse de quase 1 Kg de maconha em Uni\u00e3o da Vit\u00f3ria"},"content":{"rendered":"<div class=\"wp-block-image\">\n<figure class=\"aligncenter size-full\"><img decoding=\"async\" src=\"https:\/\/radiostudiow.com.br\/site\/wp-content\/uploads\/2022\/07\/CAFE.jpg\" alt=\"\" class=\"wp-image-8288\"\/><\/figure>\n<\/div>\n\n\n<p>Na noite desta ter\u00e7a-feira, uma a\u00e7\u00e3o policial resultou na pris\u00e3o de um homem por envolvimento com o tr\u00e1fico de drogas no Bairro Panorama, em Uni\u00e3o da Vit\u00f3ria. A equipe realizava patrulhamento na regi\u00e3o quando avistou um indiv\u00edduo carregando uma mochila, que chamou a aten\u00e7\u00e3o dos policiais.<\/p>\n\n\n\n<p>Ao perceber a presen\u00e7a da pol\u00edcia, o homem descartou a mochila e empreendeu fuga, mesmo sem ter recebido ordem de abordagem. Os policiais prontamente verificaram o conte\u00fado da mochila abandonada e encontraram duas por\u00e7\u00f5es grandes de subst\u00e2ncia an\u00e1loga \u00e0 maconha, totalizando 955 gramas, al\u00e9m de um valor de R$275,50 em notas trocadas.<\/p>\n\n\n<div class=\"wp-block-image\">\n<figure class=\"aligncenter size-full\"><img loading=\"lazy\" decoding=\"async\" width=\"897\" height=\"204\" src=\"https:\/\/radiostudiow.com.br\/site\/wp-content\/uploads\/2023\/06\/image-10.png\" alt=\"\" class=\"wp-image-13307\" srcset=\"https:\/\/radiostudiow.com.br\/site\/wp-content\/uploads\/2023\/06\/image-10.png 897w, https:\/\/radiostudiow.com.br\/site\/wp-content\/uploads\/2023\/06\/image-10-300x68.png 300w, https:\/\/radiostudiow.com.br\/site\/wp-content\/uploads\/2023\/06\/image-10-768x175.png 768w\" sizes=\"auto, (max-width: 897px) 100vw, 897px\" \/><\/figure>\n<\/div>\n\n\n<p>Durante a persegui\u00e7\u00e3o a p\u00e9, os policiais conseguiram abordar o suspeito, submetendo-o a uma busca pessoal, por\u00e9m nada de il\u00edcito foi encontrado em sua posse. Posteriormente, o indiv\u00edduo foi identificado e, diante dos fatos, foi dada voz de pris\u00e3o a ele. Foram garantidos seus direitos constitucionais de preso, sendo necess\u00e1rio o uso de algemas devido ao risco de fuga.<\/p>\n\n\n\n<p>O suspeito, juntamente com os objetos apreendidos, foi encaminhado e entregue na 4\u00aa SDP de Uni\u00e3o da Vit\u00f3ria.<\/p>\n\n\n<div class=\"wp-block-image\">\n<figure class=\"aligncenter size-full\"><img decoding=\"async\" src=\"https:\/\/radiostudiow.com.br\/site\/wp-content\/uploads\/2022\/06\/NUTRI-MALLET.jpg\" alt=\"\" class=\"wp-image-7772\"\/><\/figure>\n<\/div>","protected":false},"excerpt":{"rendered":"<p>Na noite desta ter\u00e7a-feira, uma a\u00e7\u00e3o policial resultou na pris\u00e3o de um homem por envolvimento com o tr\u00e1fico de drogas no Bairro Panorama, em Uni\u00e3o da Vit\u00f3ria. A equipe realizava patrulhamento na regi\u00e3o quando avistou um indiv\u00edduo carregando uma mochila, que chamou a aten\u00e7\u00e3o dos policiais. Ao perceber a presen\u00e7a da pol\u00edcia, o homem descartou [&hellip;]<\/p>\n","protected":false},"author":2,"featured_media":3220,"comment_status":"open","ping_status":"open","sticky":false,"template":"","format":"standard","meta":{"footnotes":""},"categories":[2,185],"tags":[172],"class_list":["post-13750","post","type-post","status-publish","format-standard","has-post-thumbnail","hentry","category-policial","category-regional","tag-featured"],"amp_enabled":true,"_links":{"self":[{"href":"https:\/\/radiostudiow.com.br\/site\/wp-json\/wp\/v2\/posts\/13750","targetHints":{"allow":["GET"]}}],"collection":[{"href":"https:\/\/radiostudiow.com.br\/site\/wp-json\/wp\/v2\/posts"}],"about":[{"href":"https:\/\/radiostudiow.com.br\/site\/wp-json\/wp\/v2\/types\/post"}],"author":[{"embeddable":true,"href":"https:\/\/radiostudiow.com.br\/site\/wp-json\/wp\/v2\/users\/2"}],"replies":[{"embeddable":true,"href":"https:\/\/radiostudiow.com.br\/site\/wp-json\/wp\/v2\/comments?post=13750"}],"version-history":[{"count":1,"href":"https:\/\/radiostudiow.com.br\/site\/wp-json\/wp\/v2\/posts\/13750\/revisions"}],"predecessor-version":[{"id":13751,"href":"https:\/\/radiostudiow.com.br\/site\/wp-json\/wp\/v2\/posts\/13750\/revisions\/13751"}],"wp:featuredmedia":[{"embeddable":true,"href":"https:\/\/radiostudiow.com.br\/site\/wp-json\/wp\/v2\/media\/3220"}],"wp:attachment":[{"href":"https:\/\/radiostudiow.com.br\/site\/wp-json\/wp\/v2\/media?parent=13750"}],"wp:term":[{"taxonomy":"category","embeddable":true,"href":"https:\/\/radiostudiow.com.br\/site\/wp-json\/wp\/v2\/categories?post=13750"},{"taxonomy":"post_tag","embeddable":true,"href":"https:\/\/radiostudiow.com.br\/site\/wp-json\/wp\/v2\/tags?post=13750"}],"curies":[{"name":"wp","href":"https:\/\/api.w.org\/{rel}","templated":true}]}}