{"id":13752,"date":"2023-07-13T11:59:00","date_gmt":"2023-07-13T14:59:00","guid":{"rendered":"https:\/\/radiostudiow.com.br\/site\/?p=13752"},"modified":"2025-01-31T15:06:41","modified_gmt":"2025-01-31T18:06:41","slug":"prf-prende-homem-procurado-por-trafico-de-drogas-e-porte-ilegal-de-arma-de-fogo","status":"publish","type":"post","link":"https:\/\/radiostudiow.com.br\/site\/2023\/07\/13\/prf-prende-homem-procurado-por-trafico-de-drogas-e-porte-ilegal-de-arma-de-fogo\/","title":{"rendered":"PRF prende homem procurado por tr\u00e1fico de drogas e porte ilegal de arma de fogo"},"content":{"rendered":"\n<p><em><strong>Indiv\u00edduo estava viajando em \u00f4nibus de linha com destino \u00e0 Irati<\/strong><\/em><\/p>\n\n\n\n<figure class=\"wp-block-image size-large\"><img decoding=\"async\" src=\"https:\/\/radiostudiow.com.br\/site\/wp-content\/uploads\/2023\/05\/image-8-1024x392.png\" alt=\"\" class=\"wp-image-12937\"\/><\/figure>\n\n\n\n<p>Policiais Rodovi\u00e1rios Federais abordaram na ter\u00e7a (11), \u00e0s 15h30, no km 319 da BR 277, em Guarapuava, um \u00f4nibus de linha que seguia para Curitiba.<\/p>\n\n\n\n<p>Durante a fiscaliza\u00e7\u00e3o dos passageiros, foi identificado um homem, de 25 anos, transportando 125 gramas de maconha e que havia sa\u00eddo de Guarapuava com destino \u00e0 Irati.<\/p>\n\n\n<div class=\"wp-block-image\">\n<figure class=\"aligncenter size-full\"><img loading=\"lazy\" decoding=\"async\" width=\"897\" height=\"204\" src=\"https:\/\/radiostudiow.com.br\/site\/wp-content\/uploads\/2023\/06\/image-10.png\" alt=\"\" class=\"wp-image-13307\" srcset=\"https:\/\/radiostudiow.com.br\/site\/wp-content\/uploads\/2023\/06\/image-10.png 897w, https:\/\/radiostudiow.com.br\/site\/wp-content\/uploads\/2023\/06\/image-10-300x68.png 300w, https:\/\/radiostudiow.com.br\/site\/wp-content\/uploads\/2023\/06\/image-10-768x175.png 768w\" sizes=\"auto, (max-width: 897px) 100vw, 897px\" \/><\/figure>\n<\/div>\n\n\n<p>Tamb\u00e9m foi apurado que o indiv\u00edduo possu\u00eda um mandado de pris\u00e3o por tr\u00e1fico de drogas e por porte ilegal de arma de fogo, expedido pelo Tribunal de Justi\u00e7a do Paran\u00e1.<\/p>\n\n\n\n<p>Diante dos fatos, o envolvido foi detido e encaminhado \u00e0 Delegacia de Pol\u00edcia Civil de Guarapuava para cumprimento do mandado de pris\u00e3o e tamb\u00e9m pelo crime de Porte de droga para uso pessoal.<\/p>\n\n\n<div class=\"wp-block-image\">\n<figure class=\"aligncenter size-full\"><img decoding=\"async\" src=\"https:\/\/radiostudiow.com.br\/site\/wp-content\/uploads\/2022\/03\/SICREDI.jpg\" alt=\"\" class=\"wp-image-6409\"\/><\/figure>\n<\/div>","protected":false},"excerpt":{"rendered":"<p>Indiv\u00edduo estava viajando em \u00f4nibus de linha com destino \u00e0 Irati Policiais Rodovi\u00e1rios Federais abordaram na ter\u00e7a (11), \u00e0s 15h30, no km 319 da BR 277, em Guarapuava, um \u00f4nibus de linha que seguia para Curitiba. Durante a fiscaliza\u00e7\u00e3o dos passageiros, foi identificado um homem, de 25 anos, transportando 125 gramas de maconha e que [&hellip;]<\/p>\n","protected":false},"author":2,"featured_media":13753,"comment_status":"open","ping_status":"open","sticky":false,"template":"","format":"standard","meta":{"footnotes":""},"categories":[2,185],"tags":[172],"class_list":["post-13752","post","type-post","status-publish","format-standard","has-post-thumbnail","hentry","category-policial","category-regional","tag-featured"],"amp_enabled":true,"_links":{"self":[{"href":"https:\/\/radiostudiow.com.br\/site\/wp-json\/wp\/v2\/posts\/13752","targetHints":{"allow":["GET"]}}],"collection":[{"href":"https:\/\/radiostudiow.com.br\/site\/wp-json\/wp\/v2\/posts"}],"about":[{"href":"https:\/\/radiostudiow.com.br\/site\/wp-json\/wp\/v2\/types\/post"}],"author":[{"embeddable":true,"href":"https:\/\/radiostudiow.com.br\/site\/wp-json\/wp\/v2\/users\/2"}],"replies":[{"embeddable":true,"href":"https:\/\/radiostudiow.com.br\/site\/wp-json\/wp\/v2\/comments?post=13752"}],"version-history":[{"count":2,"href":"https:\/\/radiostudiow.com.br\/site\/wp-json\/wp\/v2\/posts\/13752\/revisions"}],"predecessor-version":[{"id":13755,"href":"https:\/\/radiostudiow.com.br\/site\/wp-json\/wp\/v2\/posts\/13752\/revisions\/13755"}],"wp:featuredmedia":[{"embeddable":true,"href":"https:\/\/radiostudiow.com.br\/site\/wp-json\/wp\/v2\/media\/13753"}],"wp:attachment":[{"href":"https:\/\/radiostudiow.com.br\/site\/wp-json\/wp\/v2\/media?parent=13752"}],"wp:term":[{"taxonomy":"category","embeddable":true,"href":"https:\/\/radiostudiow.com.br\/site\/wp-json\/wp\/v2\/categories?post=13752"},{"taxonomy":"post_tag","embeddable":true,"href":"https:\/\/radiostudiow.com.br\/site\/wp-json\/wp\/v2\/tags?post=13752"}],"curies":[{"name":"wp","href":"https:\/\/api.w.org\/{rel}","templated":true}]}}