{"id":13756,"date":"2023-07-14T10:12:50","date_gmt":"2023-07-14T13:12:50","guid":{"rendered":"https:\/\/radiostudiow.com.br\/site\/?p=13756"},"modified":"2025-01-31T15:06:41","modified_gmt":"2025-01-31T18:06:41","slug":"der-confirma-liberacao-do-trecho-da-pr-364-entre-sao-mateus-do-sul-e-irati","status":"publish","type":"post","link":"https:\/\/radiostudiow.com.br\/site\/2023\/07\/14\/der-confirma-liberacao-do-trecho-da-pr-364-entre-sao-mateus-do-sul-e-irati\/","title":{"rendered":"DER confirma libera\u00e7\u00e3o do trecho da PR-364, entre S\u00e3o Mateus do Sul e Irati"},"content":{"rendered":"<div class=\"wp-block-image\">\n<figure class=\"aligncenter size-large\"><img decoding=\"async\" src=\"https:\/\/radiostudiow.com.br\/site\/wp-content\/uploads\/2023\/01\/capa-1024x384.jpg\" alt=\"\" class=\"wp-image-10696\"\/><\/figure>\n<\/div>\n\n\n<p>Na manh\u00e3 desta quinta-feira (13), houve a confirma\u00e7\u00e3o do DER que o trecho da PR-364, que estava bloqueado, foi liberado para passagem de ve\u00edculos leves e caminh\u00f5es pequenos, mas carretas e caminh\u00f5es pesados n\u00e3o est\u00e3o liberados ainda, at\u00e9 a empresa fazer as melhorias no acesso e de sinaliza\u00e7\u00e3o necess\u00e1rias no local. A empresa fez ainda um pedido, para que os motoristas redobrem a aten\u00e7\u00e3o nesse trecho onde est\u00e3o sendo realizadas obras.<\/p>\n\n\n<div class=\"wp-block-image\">\n<figure class=\"aligncenter size-full\"><img loading=\"lazy\" decoding=\"async\" width=\"897\" height=\"204\" src=\"https:\/\/radiostudiow.com.br\/site\/wp-content\/uploads\/2023\/06\/image-10.png\" alt=\"\" class=\"wp-image-13307\" srcset=\"https:\/\/radiostudiow.com.br\/site\/wp-content\/uploads\/2023\/06\/image-10.png 897w, https:\/\/radiostudiow.com.br\/site\/wp-content\/uploads\/2023\/06\/image-10-300x68.png 300w, https:\/\/radiostudiow.com.br\/site\/wp-content\/uploads\/2023\/06\/image-10-768x175.png 768w\" sizes=\"auto, (max-width: 897px) 100vw, 897px\" \/><\/figure>\n<\/div>\n\n\n<p>O trecho estava interditado desde ter\u00e7a-feira, 11 de julho, por conta das chuvas que aumentaram a vaz\u00e3o do Rio Turvo. O caminho que estava bloqueado era nas obras da ponte do Rio Turvo, na regi\u00e3o do Marmeleiro, no caminho da PR-364, entre S\u00e3o Mateus do Sul e Irati<\/p>\n\n\n<div class=\"wp-block-image\">\n<figure class=\"aligncenter size-full\"><img decoding=\"async\" src=\"https:\/\/radiostudiow.com.br\/site\/wp-content\/uploads\/2023\/05\/SITE-MEDIO.png\" alt=\"\" class=\"wp-image-12661\"\/><\/figure>\n<\/div>","protected":false},"excerpt":{"rendered":"<p>Na manh\u00e3 desta quinta-feira (13), houve a confirma\u00e7\u00e3o do DER que o trecho da PR-364, que estava bloqueado, foi liberado para passagem de ve\u00edculos leves e caminh\u00f5es pequenos, mas carretas e caminh\u00f5es pesados n\u00e3o est\u00e3o liberados ainda, at\u00e9 a empresa fazer as melhorias no acesso e de sinaliza\u00e7\u00e3o necess\u00e1rias no local. A empresa fez ainda [&hellip;]<\/p>\n","protected":false},"author":2,"featured_media":0,"comment_status":"open","ping_status":"open","sticky":false,"template":"","format":"standard","meta":{"footnotes":""},"categories":[185],"tags":[172],"class_list":["post-13756","post","type-post","status-publish","format-standard","hentry","category-regional","tag-featured"],"amp_enabled":true,"_links":{"self":[{"href":"https:\/\/radiostudiow.com.br\/site\/wp-json\/wp\/v2\/posts\/13756","targetHints":{"allow":["GET"]}}],"collection":[{"href":"https:\/\/radiostudiow.com.br\/site\/wp-json\/wp\/v2\/posts"}],"about":[{"href":"https:\/\/radiostudiow.com.br\/site\/wp-json\/wp\/v2\/types\/post"}],"author":[{"embeddable":true,"href":"https:\/\/radiostudiow.com.br\/site\/wp-json\/wp\/v2\/users\/2"}],"replies":[{"embeddable":true,"href":"https:\/\/radiostudiow.com.br\/site\/wp-json\/wp\/v2\/comments?post=13756"}],"version-history":[{"count":1,"href":"https:\/\/radiostudiow.com.br\/site\/wp-json\/wp\/v2\/posts\/13756\/revisions"}],"predecessor-version":[{"id":13769,"href":"https:\/\/radiostudiow.com.br\/site\/wp-json\/wp\/v2\/posts\/13756\/revisions\/13769"}],"wp:attachment":[{"href":"https:\/\/radiostudiow.com.br\/site\/wp-json\/wp\/v2\/media?parent=13756"}],"wp:term":[{"taxonomy":"category","embeddable":true,"href":"https:\/\/radiostudiow.com.br\/site\/wp-json\/wp\/v2\/categories?post=13756"},{"taxonomy":"post_tag","embeddable":true,"href":"https:\/\/radiostudiow.com.br\/site\/wp-json\/wp\/v2\/tags?post=13756"}],"curies":[{"name":"wp","href":"https:\/\/api.w.org\/{rel}","templated":true}]}}