{"id":13760,"date":"2023-07-14T10:23:46","date_gmt":"2023-07-14T13:23:46","guid":{"rendered":"https:\/\/radiostudiow.com.br\/site\/?p=13760"},"modified":"2023-07-14T10:23:46","modified_gmt":"2023-07-14T13:23:46","slug":"ocorrencias-de-apreensao-de-drogas-em-general-carneiro-e-uniao-da-vitoria","status":"publish","type":"post","link":"https:\/\/radiostudiow.com.br\/site\/2023\/07\/14\/ocorrencias-de-apreensao-de-drogas-em-general-carneiro-e-uniao-da-vitoria\/","title":{"rendered":"Ocorr\u00eancias de apreens\u00e3o de drogas em General Carneiro e Uni\u00e3o da Vit\u00f3ria"},"content":{"rendered":"\n<figure class=\"wp-block-image size-full\"><img decoding=\"async\" src=\"https:\/\/radiostudiow.com.br\/site\/wp-content\/uploads\/2022\/06\/vem_ai.jpg\" alt=\"\" class=\"wp-image-7789\"\/><\/figure>\n\n\n\n<p>Em a\u00e7\u00f5es distintas, equipes policiais das cidades de Uni\u00e3o da Vit\u00f3ria e General Carneiro realizaram abordagens que resultaram na apreens\u00e3o de drogas e na condu\u00e7\u00e3o de suspeitos \u00e0s autoridades competentes.<\/p>\n\n\n\n<p>No bairro Nossa Senhora da Salete, em Uni\u00e3o da Vit\u00f3ria, durante um patrulhamento de rotina, os policiais avistaram um indiv\u00edduo em atitude suspeita. Ao se aproximarem, presenciaram o momento em que ele descartou um inv\u00f3lucro branco ao solo. Ap\u00f3s inspe\u00e7\u00e3o, constatou-se que a carteira de cigarros continha uma subst\u00e2ncia an\u00e1loga \u00e0 maconha. O suspeito foi imediatamente conduzido ao 27\u00ba Batalh\u00e3o de Pol\u00edcia Militar, onde foi realizado o termo circunstanciado e as provid\u00eancias legais necess\u00e1rias.<\/p>\n\n\n\n<figure class=\"wp-block-image size-full\"><img loading=\"lazy\" decoding=\"async\" width=\"897\" height=\"204\" src=\"https:\/\/radiostudiow.com.br\/site\/wp-content\/uploads\/2023\/07\/image-10.jpg\" alt=\"\" class=\"wp-image-13707\" srcset=\"https:\/\/radiostudiow.com.br\/site\/wp-content\/uploads\/2023\/07\/image-10.jpg 897w, https:\/\/radiostudiow.com.br\/site\/wp-content\/uploads\/2023\/07\/image-10-300x68.jpg 300w, https:\/\/radiostudiow.com.br\/site\/wp-content\/uploads\/2023\/07\/image-10-768x175.jpg 768w\" sizes=\"auto, (max-width: 897px) 100vw, 897px\" \/><\/figure>\n\n\n\n<p>J\u00e1 em General Carneiro, no bairro S\u00e3o Jo\u00e3o, durante outro patrulhamento, a equipe policial avistou dois indiv\u00edduos em atitude suspeita. Ao perceberem a presen\u00e7a da viatura, os suspeitos tentaram entrar em uma resid\u00eancia conhecida por envolvimento com o tr\u00e1fico de entorpecentes. Os policiais agiram prontamente e deram voz de abordagem aos indiv\u00edduos. Durante a busca pessoal, foi encontrada com um dos homens uma pequena por\u00e7\u00e3o de subst\u00e2ncia semelhante \u00e0 maconha. O suspeito foi conduzido ao pelot\u00e3o da Pol\u00edcia Militar de General Carneiro, onde tamb\u00e9m foi realizado o termo circunstanciado.<\/p>\n\n\n<div class=\"wp-block-image\">\n<figure class=\"aligncenter size-full\"><img decoding=\"async\" src=\"https:\/\/radiostudiow.com.br\/site\/wp-content\/uploads\/2022\/07\/WRNET.jpg\" alt=\"\" class=\"wp-image-8313\"\/><\/figure>\n<\/div>","protected":false},"excerpt":{"rendered":"<p>Em a\u00e7\u00f5es distintas, equipes policiais das cidades de Uni\u00e3o da Vit\u00f3ria e General Carneiro realizaram abordagens que resultaram na apreens\u00e3o de drogas e na condu\u00e7\u00e3o de suspeitos \u00e0s autoridades competentes. No bairro Nossa Senhora da Salete, em Uni\u00e3o da Vit\u00f3ria, durante um patrulhamento de rotina, os policiais avistaram um indiv\u00edduo em atitude suspeita. Ao se [&hellip;]<\/p>\n","protected":false},"author":2,"featured_media":0,"comment_status":"open","ping_status":"open","sticky":false,"template":"","format":"standard","meta":{"footnotes":""},"categories":[2,185],"tags":[172],"class_list":["post-13760","post","type-post","status-publish","format-standard","hentry","category-policial","category-regional","tag-featured"],"amp_enabled":true,"_links":{"self":[{"href":"https:\/\/radiostudiow.com.br\/site\/wp-json\/wp\/v2\/posts\/13760","targetHints":{"allow":["GET"]}}],"collection":[{"href":"https:\/\/radiostudiow.com.br\/site\/wp-json\/wp\/v2\/posts"}],"about":[{"href":"https:\/\/radiostudiow.com.br\/site\/wp-json\/wp\/v2\/types\/post"}],"author":[{"embeddable":true,"href":"https:\/\/radiostudiow.com.br\/site\/wp-json\/wp\/v2\/users\/2"}],"replies":[{"embeddable":true,"href":"https:\/\/radiostudiow.com.br\/site\/wp-json\/wp\/v2\/comments?post=13760"}],"version-history":[{"count":2,"href":"https:\/\/radiostudiow.com.br\/site\/wp-json\/wp\/v2\/posts\/13760\/revisions"}],"predecessor-version":[{"id":13770,"href":"https:\/\/radiostudiow.com.br\/site\/wp-json\/wp\/v2\/posts\/13760\/revisions\/13770"}],"wp:attachment":[{"href":"https:\/\/radiostudiow.com.br\/site\/wp-json\/wp\/v2\/media?parent=13760"}],"wp:term":[{"taxonomy":"category","embeddable":true,"href":"https:\/\/radiostudiow.com.br\/site\/wp-json\/wp\/v2\/categories?post=13760"},{"taxonomy":"post_tag","embeddable":true,"href":"https:\/\/radiostudiow.com.br\/site\/wp-json\/wp\/v2\/tags?post=13760"}],"curies":[{"name":"wp","href":"https:\/\/api.w.org\/{rel}","templated":true}]}}