{"id":13762,"date":"2023-07-14T10:27:27","date_gmt":"2023-07-14T13:27:27","guid":{"rendered":"https:\/\/radiostudiow.com.br\/site\/?p=13762"},"modified":"2025-01-31T15:06:41","modified_gmt":"2025-01-31T18:06:41","slug":"suspeito-de-furto-e-preso-com-posse-irregular-de-arma-de-fogo-em-cruz-machado","status":"publish","type":"post","link":"https:\/\/radiostudiow.com.br\/site\/2023\/07\/14\/suspeito-de-furto-e-preso-com-posse-irregular-de-arma-de-fogo-em-cruz-machado\/","title":{"rendered":"Suspeito de furto \u00e9 preso com posse irregular de arma de fogo em Cruz Machado"},"content":{"rendered":"\n<figure class=\"wp-block-image size-full\"><img decoding=\"async\" src=\"https:\/\/radiostudiow.com.br\/site\/wp-content\/uploads\/2022\/03\/SICREDI.jpg\" alt=\"\" class=\"wp-image-6409\"\/><\/figure>\n\n\n\n<p>A equipe policial de Cruz Machado teve \u00eaxito na abordagem de um indiv\u00edduo suspeito de ter cometido um furto em data anterior. O fato ocorreu por volta das 19h30min da \u00faltima quarta-feira ,(12), na Linha Igua\u00e7u Norte, quando os policiais receberam informa\u00e7\u00f5es de que o poss\u00edvel autor estaria em um bar da regi\u00e3o.<\/p>\n\n\n\n<p>Com o intuito de localizar os bens furtados, os agentes realizaram investiga\u00e7\u00f5es e conseguiram abordar o suspeito em via p\u00fablica. Ap\u00f3s a busca pessoal, nenhum objeto il\u00edcito foi encontrado com o indiv\u00edduo. No entanto, ao ser questionado sobre o furto ocorrido no dia 11 de julho, ter\u00e7a-feira, ele confessou ser o autor do crime e informou aos policiais que o objeto furtado, uma m\u00e1quina de solda, estava em sua resid\u00eancia.<\/p>\n\n\n<div class=\"wp-block-image\">\n<figure class=\"aligncenter size-full\"><img loading=\"lazy\" decoding=\"async\" width=\"897\" height=\"204\" src=\"https:\/\/radiostudiow.com.br\/site\/wp-content\/uploads\/2023\/06\/image-10.png\" alt=\"\" class=\"wp-image-13307\" srcset=\"https:\/\/radiostudiow.com.br\/site\/wp-content\/uploads\/2023\/06\/image-10.png 897w, https:\/\/radiostudiow.com.br\/site\/wp-content\/uploads\/2023\/06\/image-10-300x68.png 300w, https:\/\/radiostudiow.com.br\/site\/wp-content\/uploads\/2023\/06\/image-10-768x175.png 768w\" sizes=\"auto, (max-width: 897px) 100vw, 897px\" \/><\/figure>\n<\/div>\n\n\n<p>Diante das informa\u00e7\u00f5es fornecidas pelo suspeito, a equipe policial se dirigiu at\u00e9 a casa do indiv\u00edduo, que autorizou a realiza\u00e7\u00e3o da busca domiciliar, inclusive indicando o local onde o produto furtado estava guardado. Durante a busca, os policiais encontraram a m\u00e1quina de solda, que foi posteriormente reconhecida pela v\u00edtima como sendo de sua propriedade.<\/p>\n\n\n\n<p>Em meio \u00e0 busca na resid\u00eancia, os agentes questionaram o suspeito sobre a presen\u00e7a de outros objetos il\u00edcitos, e ele informou que possu\u00eda uma arma de fogo. Em decorr\u00eancia dessa declara\u00e7\u00e3o, os policiais localizaram e apreenderam uma espingarda calibre .28.<\/p>\n\n\n\n<p>Diante dos fatos narrados e das evid\u00eancias encontradas, o indiv\u00edduo foi imediatamente detido e recebeu voz de pris\u00e3o. Ele foi conduzido at\u00e9 a 4\u00aa SDP, para que as provid\u00eancias cab\u00edveis fossem tomadas. Ele dever\u00e1 responder pelos crimes de furto qualificado e posse irregular de arma de fogo.<\/p>\n\n\n<div class=\"wp-block-image\">\n<figure class=\"aligncenter size-full\"><img decoding=\"async\" src=\"https:\/\/radiostudiow.com.br\/site\/wp-content\/uploads\/2022\/07\/AFUBRE-IRATI.jpg\" alt=\"\" class=\"wp-image-7992\"\/><\/figure>\n<\/div>","protected":false},"excerpt":{"rendered":"<p>A equipe policial de Cruz Machado teve \u00eaxito na abordagem de um indiv\u00edduo suspeito de ter cometido um furto em data anterior. O fato ocorreu por volta das 19h30min da \u00faltima quarta-feira ,(12), na Linha Igua\u00e7u Norte, quando os policiais receberam informa\u00e7\u00f5es de que o poss\u00edvel autor estaria em um bar da regi\u00e3o. Com o [&hellip;]<\/p>\n","protected":false},"author":2,"featured_media":13773,"comment_status":"open","ping_status":"open","sticky":false,"template":"","format":"standard","meta":{"footnotes":""},"categories":[2,185],"tags":[172],"class_list":["post-13762","post","type-post","status-publish","format-standard","has-post-thumbnail","hentry","category-policial","category-regional","tag-featured"],"amp_enabled":true,"_links":{"self":[{"href":"https:\/\/radiostudiow.com.br\/site\/wp-json\/wp\/v2\/posts\/13762","targetHints":{"allow":["GET"]}}],"collection":[{"href":"https:\/\/radiostudiow.com.br\/site\/wp-json\/wp\/v2\/posts"}],"about":[{"href":"https:\/\/radiostudiow.com.br\/site\/wp-json\/wp\/v2\/types\/post"}],"author":[{"embeddable":true,"href":"https:\/\/radiostudiow.com.br\/site\/wp-json\/wp\/v2\/users\/2"}],"replies":[{"embeddable":true,"href":"https:\/\/radiostudiow.com.br\/site\/wp-json\/wp\/v2\/comments?post=13762"}],"version-history":[{"count":2,"href":"https:\/\/radiostudiow.com.br\/site\/wp-json\/wp\/v2\/posts\/13762\/revisions"}],"predecessor-version":[{"id":13774,"href":"https:\/\/radiostudiow.com.br\/site\/wp-json\/wp\/v2\/posts\/13762\/revisions\/13774"}],"wp:featuredmedia":[{"embeddable":true,"href":"https:\/\/radiostudiow.com.br\/site\/wp-json\/wp\/v2\/media\/13773"}],"wp:attachment":[{"href":"https:\/\/radiostudiow.com.br\/site\/wp-json\/wp\/v2\/media?parent=13762"}],"wp:term":[{"taxonomy":"category","embeddable":true,"href":"https:\/\/radiostudiow.com.br\/site\/wp-json\/wp\/v2\/categories?post=13762"},{"taxonomy":"post_tag","embeddable":true,"href":"https:\/\/radiostudiow.com.br\/site\/wp-json\/wp\/v2\/tags?post=13762"}],"curies":[{"name":"wp","href":"https:\/\/api.w.org\/{rel}","templated":true}]}}