{"id":13766,"date":"2023-07-14T10:31:06","date_gmt":"2023-07-14T13:31:06","guid":{"rendered":"https:\/\/radiostudiow.com.br\/site\/?p=13766"},"modified":"2025-01-31T15:06:41","modified_gmt":"2025-01-31T18:06:41","slug":"em-fiscalizacao-de-transito-pm-de-inacio-martins-faz-apreensao-de-produtos-contrabandeados","status":"publish","type":"post","link":"https:\/\/radiostudiow.com.br\/site\/2023\/07\/14\/em-fiscalizacao-de-transito-pm-de-inacio-martins-faz-apreensao-de-produtos-contrabandeados\/","title":{"rendered":"Em fiscaliza\u00e7\u00e3o de tr\u00e2nsito, PM de In\u00e1cio Martins faz apreens\u00e3o de produtos contrabandeados"},"content":{"rendered":"<div class=\"wp-block-image\">\n<figure class=\"aligncenter size-full\"><img decoding=\"async\" src=\"https:\/\/radiostudiow.com.br\/site\/wp-content\/uploads\/2022\/05\/SEPAC.jpg\" alt=\"\" class=\"wp-image-7600\"\/><\/figure>\n<\/div>\n\n\n<p>Durante o bloqueio de fiscaliza\u00e7\u00e3o de tr\u00e2nsito, realizado na quarta-feira (12), na cidade de In\u00e1cio Martins, policiais militares abordaram um Fiat\/Siena, ocupado por duas pessoas. Ap\u00f3s a identifica\u00e7\u00e3o e consultas ao sistema Sesp\/Intranet, foi verificado que o ve\u00edculo est\u00e1 com a documenta\u00e7\u00e3o em dia.<\/p>\n\n\n\n<p>Questionadas se transportavam alguma carga no porta malas, informaram que traziam mercadorias de Foz do Igua\u00e7u, sem documenta\u00e7\u00e3o fiscal. Ap\u00f3s constatarem o carregamento de produtos eletr\u00f4nicos, perfumes e tape\u00e7arias, os ocupantes e o ve\u00edculo foram conduzidos \u00e0 sede do Destacamento para verifica\u00e7\u00e3o de todo o conte\u00fado das sacolas.<\/p>\n\n\n<div class=\"wp-block-image\">\n<figure class=\"aligncenter size-full\"><img loading=\"lazy\" decoding=\"async\" width=\"897\" height=\"204\" src=\"https:\/\/radiostudiow.com.br\/site\/wp-content\/uploads\/2023\/06\/image-10.png\" alt=\"\" class=\"wp-image-13307\" srcset=\"https:\/\/radiostudiow.com.br\/site\/wp-content\/uploads\/2023\/06\/image-10.png 897w, https:\/\/radiostudiow.com.br\/site\/wp-content\/uploads\/2023\/06\/image-10-300x68.png 300w, https:\/\/radiostudiow.com.br\/site\/wp-content\/uploads\/2023\/06\/image-10-768x175.png 768w\" sizes=\"auto, (max-width: 897px) 100vw, 897px\" \/><\/figure>\n<\/div>\n\n\n<p>Nelas continham seis R\u00e1dios marca Sony\/Am-Fm; sete Echo Dot marca Amazon-Alexa; cinco Tablets marca Amazon Fire hd8; seis Chromecast google tv; sete Rel\u00f3gios Amazfit bip 3 pro; sete Rel\u00f3gios Amazfit gts 4 mini; sete Frascos de Perfumes, sendo dois Calvin Klein, um Antonio Banderas, um Carolina Herrera, um Paco Rabane, um Ferrari Black e um Hidden Fantasy; oito celulares redmi a2+; oito mantas; trinta mochilas escolares; dez len\u00e7\u00f3is de cama; seis tapetes de sala e dez tapetes de cozinha.<\/p>\n\n\n\n<p>Em contato, a Receita Federal de Irati recomendou que o ve\u00edculo e as mercadorias ficassem apreendidos no Destacamento da Pol\u00edcia Militar. Agentes da Receita estiveram na cidade para a realiza\u00e7\u00e3o dos procedimentos.<\/p>\n\n\n<div class=\"wp-block-image\">\n<figure class=\"aligncenter size-large\"><img decoding=\"async\" src=\"https:\/\/radiostudiow.com.br\/site\/wp-content\/uploads\/2023\/01\/capa-1024x384.jpg\" alt=\"\" class=\"wp-image-10696\"\/><\/figure>\n<\/div>","protected":false},"excerpt":{"rendered":"<p>Durante o bloqueio de fiscaliza\u00e7\u00e3o de tr\u00e2nsito, realizado na quarta-feira (12), na cidade de In\u00e1cio Martins, policiais militares abordaram um Fiat\/Siena, ocupado por duas pessoas. Ap\u00f3s a identifica\u00e7\u00e3o e consultas ao sistema Sesp\/Intranet, foi verificado que o ve\u00edculo est\u00e1 com a documenta\u00e7\u00e3o em dia. Questionadas se transportavam alguma carga no porta malas, informaram que traziam [&hellip;]<\/p>\n","protected":false},"author":2,"featured_media":0,"comment_status":"open","ping_status":"open","sticky":false,"template":"","format":"standard","meta":{"footnotes":""},"categories":[2,185],"tags":[172],"class_list":["post-13766","post","type-post","status-publish","format-standard","hentry","category-policial","category-regional","tag-featured"],"amp_enabled":true,"_links":{"self":[{"href":"https:\/\/radiostudiow.com.br\/site\/wp-json\/wp\/v2\/posts\/13766","targetHints":{"allow":["GET"]}}],"collection":[{"href":"https:\/\/radiostudiow.com.br\/site\/wp-json\/wp\/v2\/posts"}],"about":[{"href":"https:\/\/radiostudiow.com.br\/site\/wp-json\/wp\/v2\/types\/post"}],"author":[{"embeddable":true,"href":"https:\/\/radiostudiow.com.br\/site\/wp-json\/wp\/v2\/users\/2"}],"replies":[{"embeddable":true,"href":"https:\/\/radiostudiow.com.br\/site\/wp-json\/wp\/v2\/comments?post=13766"}],"version-history":[{"count":3,"href":"https:\/\/radiostudiow.com.br\/site\/wp-json\/wp\/v2\/posts\/13766\/revisions"}],"predecessor-version":[{"id":13778,"href":"https:\/\/radiostudiow.com.br\/site\/wp-json\/wp\/v2\/posts\/13766\/revisions\/13778"}],"wp:attachment":[{"href":"https:\/\/radiostudiow.com.br\/site\/wp-json\/wp\/v2\/media?parent=13766"}],"wp:term":[{"taxonomy":"category","embeddable":true,"href":"https:\/\/radiostudiow.com.br\/site\/wp-json\/wp\/v2\/categories?post=13766"},{"taxonomy":"post_tag","embeddable":true,"href":"https:\/\/radiostudiow.com.br\/site\/wp-json\/wp\/v2\/tags?post=13766"}],"curies":[{"name":"wp","href":"https:\/\/api.w.org\/{rel}","templated":true}]}}