{"id":13787,"date":"2023-07-15T13:20:59","date_gmt":"2023-07-15T16:20:59","guid":{"rendered":"https:\/\/radiostudiow.com.br\/site\/?p=13787"},"modified":"2025-01-31T15:06:41","modified_gmt":"2025-01-31T18:06:41","slug":"bebe-de-3-meses-morre-em-uniao-da-vitoria-em-possivel-caso-de-afogamento","status":"publish","type":"post","link":"https:\/\/radiostudiow.com.br\/site\/2023\/07\/15\/bebe-de-3-meses-morre-em-uniao-da-vitoria-em-possivel-caso-de-afogamento\/","title":{"rendered":"Beb\u00ea de 3 meses morre em Uni\u00e3o da Vit\u00f3ria em poss\u00edvel caso de afogamento"},"content":{"rendered":"<div class=\"wp-block-image\">\n<figure class=\"aligncenter size-full\"><img decoding=\"async\" src=\"https:\/\/radiostudiow.com.br\/site\/wp-content\/uploads\/2022\/06\/NUTRI-MALLET.jpg\" alt=\"\" class=\"wp-image-7772\"\/><\/figure>\n<\/div>\n\n\n<p>Uma triste not\u00edcia abalou vizinhos e moradores do bairro Rocio em Uni\u00e3o da Vit\u00f3ria. Um beb\u00ea de apenas 3 meses morreu na manh\u00e3 desta sexta-feira,14, ap\u00f3s ser acionado o Samu e a equipe do posto de sa\u00fade do bairro. O m\u00e9dico do Samu chegou rapidamente ao local e tentou reanimar o beb\u00ea por meio de intuba\u00e7\u00e3o, no entanto, infelizmente, a crian\u00e7a j\u00e1 estava sem vida.<\/p>\n\n\n\n<figure class=\"wp-block-image size-full\"><img loading=\"lazy\" decoding=\"async\" width=\"897\" height=\"204\" src=\"https:\/\/radiostudiow.com.br\/site\/wp-content\/uploads\/2023\/06\/image-10.png\" alt=\"\" class=\"wp-image-13307\" srcset=\"https:\/\/radiostudiow.com.br\/site\/wp-content\/uploads\/2023\/06\/image-10.png 897w, https:\/\/radiostudiow.com.br\/site\/wp-content\/uploads\/2023\/06\/image-10-300x68.png 300w, https:\/\/radiostudiow.com.br\/site\/wp-content\/uploads\/2023\/06\/image-10-768x175.png 768w\" sizes=\"auto, (max-width: 897px) 100vw, 897px\" \/><\/figure>\n\n\n\n<p>Embora a causa da morte n\u00e3o tenha sido oficialmente divulgada, as suspeitas iniciais apontam para um poss\u00edvel caso de afogamento. O corpo do beb\u00ea foi encaminhado ao Instituto M\u00e9dico Legal (IML) para a realiza\u00e7\u00e3o de uma investiga\u00e7\u00e3o mais detalhada, a fim de esclarecer as circunst\u00e2ncias exatas da trag\u00e9dia.<\/p>\n\n\n<div class=\"wp-block-image\">\n<figure class=\"aligncenter size-full\"><img decoding=\"async\" src=\"https:\/\/radiostudiow.com.br\/site\/wp-content\/uploads\/2022\/07\/WRNET.jpg\" alt=\"\" class=\"wp-image-8313\"\/><\/figure>\n<\/div>","protected":false},"excerpt":{"rendered":"<p>Uma triste not\u00edcia abalou vizinhos e moradores do bairro Rocio em Uni\u00e3o da Vit\u00f3ria. Um beb\u00ea de apenas 3 meses morreu na manh\u00e3 desta sexta-feira,14, ap\u00f3s ser acionado o Samu e a equipe do posto de sa\u00fade do bairro. O m\u00e9dico do Samu chegou rapidamente ao local e tentou reanimar o beb\u00ea por meio de [&hellip;]<\/p>\n","protected":false},"author":2,"featured_media":13788,"comment_status":"open","ping_status":"open","sticky":false,"template":"","format":"standard","meta":{"footnotes":""},"categories":[185],"tags":[172],"class_list":["post-13787","post","type-post","status-publish","format-standard","has-post-thumbnail","hentry","category-regional","tag-featured"],"amp_enabled":true,"_links":{"self":[{"href":"https:\/\/radiostudiow.com.br\/site\/wp-json\/wp\/v2\/posts\/13787","targetHints":{"allow":["GET"]}}],"collection":[{"href":"https:\/\/radiostudiow.com.br\/site\/wp-json\/wp\/v2\/posts"}],"about":[{"href":"https:\/\/radiostudiow.com.br\/site\/wp-json\/wp\/v2\/types\/post"}],"author":[{"embeddable":true,"href":"https:\/\/radiostudiow.com.br\/site\/wp-json\/wp\/v2\/users\/2"}],"replies":[{"embeddable":true,"href":"https:\/\/radiostudiow.com.br\/site\/wp-json\/wp\/v2\/comments?post=13787"}],"version-history":[{"count":2,"href":"https:\/\/radiostudiow.com.br\/site\/wp-json\/wp\/v2\/posts\/13787\/revisions"}],"predecessor-version":[{"id":13798,"href":"https:\/\/radiostudiow.com.br\/site\/wp-json\/wp\/v2\/posts\/13787\/revisions\/13798"}],"wp:featuredmedia":[{"embeddable":true,"href":"https:\/\/radiostudiow.com.br\/site\/wp-json\/wp\/v2\/media\/13788"}],"wp:attachment":[{"href":"https:\/\/radiostudiow.com.br\/site\/wp-json\/wp\/v2\/media?parent=13787"}],"wp:term":[{"taxonomy":"category","embeddable":true,"href":"https:\/\/radiostudiow.com.br\/site\/wp-json\/wp\/v2\/categories?post=13787"},{"taxonomy":"post_tag","embeddable":true,"href":"https:\/\/radiostudiow.com.br\/site\/wp-json\/wp\/v2\/tags?post=13787"}],"curies":[{"name":"wp","href":"https:\/\/api.w.org\/{rel}","templated":true}]}}