{"id":13794,"date":"2023-07-15T13:30:51","date_gmt":"2023-07-15T16:30:51","guid":{"rendered":"https:\/\/radiostudiow.com.br\/site\/?p=13794"},"modified":"2025-01-31T15:06:41","modified_gmt":"2025-01-31T18:06:41","slug":"residencia-em-paulo-frontin-e-invadida-e-94-mil-reais-sao-furtados-de-guarda-roupa","status":"publish","type":"post","link":"https:\/\/radiostudiow.com.br\/site\/2023\/07\/15\/residencia-em-paulo-frontin-e-invadida-e-94-mil-reais-sao-furtados-de-guarda-roupa\/","title":{"rendered":"Resid\u00eancia em Paulo Frontin \u00e9 invadida e 94 mil reais s\u00e3o furtados de guarda-roupa"},"content":{"rendered":"\n<figure class=\"wp-block-image size-full\"><img decoding=\"async\" src=\"https:\/\/radiostudiow.com.br\/site\/wp-content\/uploads\/2022\/06\/NUTRI-MALLET.jpg\" alt=\"\" class=\"wp-image-7772\"\/><\/figure>\n\n\n\n<p>Um caso de furto deixou um morador de Paulo Frontin em estado de choque e preju\u00edzo financeiro. Ontem, por volta das 19h45min, o solicitante retornou \u00e0 sua resid\u00eancia e constatou que a janela dos fundos estava aberta, aparentemente sem sinais de arrombamento.<\/p>\n\n\n\n<p>Ao verificar seu quarto, percebeu que a porta havia sido arrombada e uma quantia expressiva de R$94.700,00 (noventa e quatro mil e setecentos reais), que estava guardada em uma caixa dentro do guarda-roupas, havia sido subtra\u00edda. O solicitante afirma que ningu\u00e9m tinha conhecimento da exist\u00eancia do dinheiro.<\/p>\n\n\n\n<figure class=\"wp-block-image size-full\"><img loading=\"lazy\" decoding=\"async\" width=\"897\" height=\"204\" src=\"https:\/\/radiostudiow.com.br\/site\/wp-content\/uploads\/2023\/06\/image-10.png\" alt=\"\" class=\"wp-image-13307\" srcset=\"https:\/\/radiostudiow.com.br\/site\/wp-content\/uploads\/2023\/06\/image-10.png 897w, https:\/\/radiostudiow.com.br\/site\/wp-content\/uploads\/2023\/06\/image-10-300x68.png 300w, https:\/\/radiostudiow.com.br\/site\/wp-content\/uploads\/2023\/06\/image-10-768x175.png 768w\" sizes=\"auto, (max-width: 897px) 100vw, 897px\" \/><\/figure>\n\n\n\n<p>Segundo informa\u00e7\u00f5es repassadas pela PM, um vizinho possui imagens capturadas por c\u00e2meras de seguran\u00e7a que mostram um ve\u00edculo passando em frente \u00e0 casa do solicitante. Essas imagens podem fornecer pistas importantes para auxiliar nas investiga\u00e7\u00f5es.<\/p>\n\n\n\n<p>A v\u00edtima, abalada com o ocorrido, foi orientada pelas autoridades competentes sobre os procedimentos cab\u00edveis diante da situa\u00e7\u00e3o.<\/p>\n\n\n\n<figure class=\"wp-block-image size-full\"><img decoding=\"async\" src=\"https:\/\/radiostudiow.com.br\/site\/wp-content\/uploads\/2022\/07\/CAFE.jpg\" alt=\"\" class=\"wp-image-8288\"\/><\/figure>\n","protected":false},"excerpt":{"rendered":"<p>Um caso de furto deixou um morador de Paulo Frontin em estado de choque e preju\u00edzo financeiro. Ontem, por volta das 19h45min, o solicitante retornou \u00e0 sua resid\u00eancia e constatou que a janela dos fundos estava aberta, aparentemente sem sinais de arrombamento. Ao verificar seu quarto, percebeu que a porta havia sido arrombada e uma [&hellip;]<\/p>\n","protected":false},"author":2,"featured_media":5594,"comment_status":"open","ping_status":"open","sticky":false,"template":"","format":"standard","meta":{"footnotes":""},"categories":[2,185],"tags":[172],"class_list":["post-13794","post","type-post","status-publish","format-standard","has-post-thumbnail","hentry","category-policial","category-regional","tag-featured"],"amp_enabled":true,"_links":{"self":[{"href":"https:\/\/radiostudiow.com.br\/site\/wp-json\/wp\/v2\/posts\/13794","targetHints":{"allow":["GET"]}}],"collection":[{"href":"https:\/\/radiostudiow.com.br\/site\/wp-json\/wp\/v2\/posts"}],"about":[{"href":"https:\/\/radiostudiow.com.br\/site\/wp-json\/wp\/v2\/types\/post"}],"author":[{"embeddable":true,"href":"https:\/\/radiostudiow.com.br\/site\/wp-json\/wp\/v2\/users\/2"}],"replies":[{"embeddable":true,"href":"https:\/\/radiostudiow.com.br\/site\/wp-json\/wp\/v2\/comments?post=13794"}],"version-history":[{"count":2,"href":"https:\/\/radiostudiow.com.br\/site\/wp-json\/wp\/v2\/posts\/13794\/revisions"}],"predecessor-version":[{"id":13800,"href":"https:\/\/radiostudiow.com.br\/site\/wp-json\/wp\/v2\/posts\/13794\/revisions\/13800"}],"wp:featuredmedia":[{"embeddable":true,"href":"https:\/\/radiostudiow.com.br\/site\/wp-json\/wp\/v2\/media\/5594"}],"wp:attachment":[{"href":"https:\/\/radiostudiow.com.br\/site\/wp-json\/wp\/v2\/media?parent=13794"}],"wp:term":[{"taxonomy":"category","embeddable":true,"href":"https:\/\/radiostudiow.com.br\/site\/wp-json\/wp\/v2\/categories?post=13794"},{"taxonomy":"post_tag","embeddable":true,"href":"https:\/\/radiostudiow.com.br\/site\/wp-json\/wp\/v2\/tags?post=13794"}],"curies":[{"name":"wp","href":"https:\/\/api.w.org\/{rel}","templated":true}]}}