{"id":13796,"date":"2023-07-15T13:32:22","date_gmt":"2023-07-15T16:32:22","guid":{"rendered":"https:\/\/radiostudiow.com.br\/site\/?p=13796"},"modified":"2025-01-31T15:06:41","modified_gmt":"2025-01-31T18:06:41","slug":"cunhado-descumpre-medida-protetiva-e-causa-danos-a-veiculo-da-vitima-na-vila-caroline","status":"publish","type":"post","link":"https:\/\/radiostudiow.com.br\/site\/2023\/07\/15\/cunhado-descumpre-medida-protetiva-e-causa-danos-a-veiculo-da-vitima-na-vila-caroline\/","title":{"rendered":"Cunhado descumpre medida protetiva e causa danos a ve\u00edculo da v\u00edtima na Vila Caroline"},"content":{"rendered":"\n<figure class=\"wp-block-image size-full\"><img decoding=\"async\" src=\"https:\/\/radiostudiow.com.br\/site\/wp-content\/uploads\/2022\/02\/SICREDI.jpg\" alt=\"\" class=\"wp-image-5731\"\/><\/figure>\n\n\n\n<p>Na noite de quinta, (13), por volta das 23h00min, na Vila Caroline, em Mallet, ocorreu mais um epis\u00f3dio de descumprimento de medida judicial e atos de viol\u00eancia. A equipe policial foi acionada ap\u00f3s uma pessoa relatar ter sido v\u00edtima de danos e intimida\u00e7\u00e3o por parte de seu cunhado, contra quem possu\u00eda uma medida protetiva.<\/p>\n\n\n\n<p>Segundo informa\u00e7\u00f5es fornecidas \u00e0 pol\u00edcia, a v\u00edtima encontrava-se na casa de sua irm\u00e3 quando o agressor chegou com o objetivo de pegar alguns objetos. No momento em que ele estava deixando o local, de forma repentina, danificou o para-brisa do ve\u00edculo da v\u00edtima, provocando grande temor e abalando sua seguran\u00e7a emocional. Somente algumas horas mais tarde a v\u00edtima conseguiu se acalmar ao chegar em sua resid\u00eancia.<\/p>\n\n\n\n<figure class=\"wp-block-image size-full\"><img loading=\"lazy\" decoding=\"async\" width=\"897\" height=\"204\" src=\"https:\/\/radiostudiow.com.br\/site\/wp-content\/uploads\/2023\/06\/image-10.png\" alt=\"\" class=\"wp-image-13307\" srcset=\"https:\/\/radiostudiow.com.br\/site\/wp-content\/uploads\/2023\/06\/image-10.png 897w, https:\/\/radiostudiow.com.br\/site\/wp-content\/uploads\/2023\/06\/image-10-300x68.png 300w, https:\/\/radiostudiow.com.br\/site\/wp-content\/uploads\/2023\/06\/image-10-768x175.png 768w\" sizes=\"auto, (max-width: 897px) 100vw, 897px\" \/><\/figure>\n\n\n\n<p>De acordo com o boletim de ocorr\u00eancia, a v\u00edtima relatou que esse n\u00e3o foi o primeiro incidente envolvendo o cunhado. Em ocasi\u00f5es anteriores, o suspeito costumava estacionar seu ve\u00edculo em frente \u00e0 resid\u00eancia da v\u00edtima e acelerava de forma intimidadora, causando muito medo.<\/p>\n\n\n\n<p>Diante da situa\u00e7\u00e3o, a equipe policial deslocou-se at\u00e9 o atual endere\u00e7o do suspeito, pr\u00f3ximo \u00e0 regi\u00e3o, com o intuito de localiz\u00e1-lo, por\u00e9m, as buscas n\u00e3o obtiveram sucesso. A v\u00edtima recebeu orienta\u00e7\u00f5es das autoridades sobre os procedimentos cab\u00edveis diante dessa situa\u00e7\u00e3o.<\/p>\n\n\n\n<figure class=\"wp-block-image size-full\"><img decoding=\"async\" src=\"https:\/\/radiostudiow.com.br\/site\/wp-content\/uploads\/2023\/05\/SITE-MEDIO.png\" alt=\"\" class=\"wp-image-12661\"\/><\/figure>\n","protected":false},"excerpt":{"rendered":"<p>Na noite de quinta, (13), por volta das 23h00min, na Vila Caroline, em Mallet, ocorreu mais um epis\u00f3dio de descumprimento de medida judicial e atos de viol\u00eancia. A equipe policial foi acionada ap\u00f3s uma pessoa relatar ter sido v\u00edtima de danos e intimida\u00e7\u00e3o por parte de seu cunhado, contra quem possu\u00eda uma medida protetiva. Segundo [&hellip;]<\/p>\n","protected":false},"author":2,"featured_media":10642,"comment_status":"open","ping_status":"open","sticky":false,"template":"","format":"standard","meta":{"footnotes":""},"categories":[184,2],"tags":[172],"class_list":["post-13796","post","type-post","status-publish","format-standard","has-post-thumbnail","hentry","category-local","category-policial","tag-featured"],"amp_enabled":true,"_links":{"self":[{"href":"https:\/\/radiostudiow.com.br\/site\/wp-json\/wp\/v2\/posts\/13796","targetHints":{"allow":["GET"]}}],"collection":[{"href":"https:\/\/radiostudiow.com.br\/site\/wp-json\/wp\/v2\/posts"}],"about":[{"href":"https:\/\/radiostudiow.com.br\/site\/wp-json\/wp\/v2\/types\/post"}],"author":[{"embeddable":true,"href":"https:\/\/radiostudiow.com.br\/site\/wp-json\/wp\/v2\/users\/2"}],"replies":[{"embeddable":true,"href":"https:\/\/radiostudiow.com.br\/site\/wp-json\/wp\/v2\/comments?post=13796"}],"version-history":[{"count":3,"href":"https:\/\/radiostudiow.com.br\/site\/wp-json\/wp\/v2\/posts\/13796\/revisions"}],"predecessor-version":[{"id":13808,"href":"https:\/\/radiostudiow.com.br\/site\/wp-json\/wp\/v2\/posts\/13796\/revisions\/13808"}],"wp:featuredmedia":[{"embeddable":true,"href":"https:\/\/radiostudiow.com.br\/site\/wp-json\/wp\/v2\/media\/10642"}],"wp:attachment":[{"href":"https:\/\/radiostudiow.com.br\/site\/wp-json\/wp\/v2\/media?parent=13796"}],"wp:term":[{"taxonomy":"category","embeddable":true,"href":"https:\/\/radiostudiow.com.br\/site\/wp-json\/wp\/v2\/categories?post=13796"},{"taxonomy":"post_tag","embeddable":true,"href":"https:\/\/radiostudiow.com.br\/site\/wp-json\/wp\/v2\/tags?post=13796"}],"curies":[{"name":"wp","href":"https:\/\/api.w.org\/{rel}","templated":true}]}}