{"id":13802,"date":"2023-07-15T15:14:34","date_gmt":"2023-07-15T18:14:34","guid":{"rendered":"https:\/\/radiostudiow.com.br\/site\/?p=13802"},"modified":"2025-01-31T15:06:41","modified_gmt":"2025-01-31T18:06:41","slug":"w-noticias-aviao-monomotor-cai-no-disrito-sao-cristovao-em-uniao-da-vitoria","status":"publish","type":"post","link":"https:\/\/radiostudiow.com.br\/site\/2023\/07\/15\/w-noticias-aviao-monomotor-cai-no-disrito-sao-cristovao-em-uniao-da-vitoria\/","title":{"rendered":"W Not\u00edcias &#8211; Avi\u00e3o Monomotor Cai no Distrito S\u00e3o Crist\u00f3v\u00e3o, em Uni\u00e3o da Vit\u00f3ria"},"content":{"rendered":"\n<p>Na tarde desta sexta-feira, 14, um avi\u00e3o monomotor caiu em S\u00e3o Crist\u00f3v\u00e3o, na rua Abilon de Souza Naves, nas proximidades do Aeroporto Jos\u00e9 Cleto, em Uni\u00e3o da Vit\u00f3ria (PR).<\/p>\n\n\n\n<p>Segundo o Corpo de Bombeiros e a Pol\u00edcia Militar, houve vazamento de combust\u00edvel da aeronave no asfalto, mas ningu\u00e9m ficou ferido com a queda. As equipes isolaram o local para remo\u00e7\u00e3o da aeronave com prefixo PR-CDI.<\/p>\n\n\n\n<p>Segundo testemunhas, haviam dois ocupantes na aeronave que estava tentando pouso no aeroporto e n\u00e3o obteve \u00eaxito. Com a queda, o avi\u00e3o, antes de tocar o solo, bateu na fia\u00e7\u00e3o el\u00e9trica da via, o que deixou o local sem fornecimento de energia el\u00e9trica.<\/p>\n\n\n\n<p>Confira a mat\u00e9ria do Jornal W Not\u00edcias:<\/p>\n\n\n\n<figure class=\"wp-block-embed is-type-video is-provider-youtube wp-block-embed-youtube wp-embed-aspect-16-9 wp-has-aspect-ratio\"><div class=\"wp-block-embed__wrapper\">\n<iframe loading=\"lazy\" title=\"W Not\u00edcias - Avi\u00e3o Monomotor Cai no Disrito S\u00e3o Crist\u00f3v\u00e3o, em Uni\u00e3o da Vit\u00f3ria\" width=\"740\" height=\"416\" src=\"https:\/\/www.youtube.com\/embed\/Kqbn_tkUH9k?feature=oembed\" frameborder=\"0\" allow=\"accelerometer; autoplay; clipboard-write; encrypted-media; gyroscope; picture-in-picture; web-share\" allowfullscreen><\/iframe>\n<\/div><\/figure>\n\n\n\n<figure class=\"wp-block-image size-full\"><img loading=\"lazy\" decoding=\"async\" width=\"897\" height=\"204\" src=\"https:\/\/radiostudiow.com.br\/site\/wp-content\/uploads\/2023\/07\/image-10.jpg\" alt=\"\" class=\"wp-image-13707\" srcset=\"https:\/\/radiostudiow.com.br\/site\/wp-content\/uploads\/2023\/07\/image-10.jpg 897w, https:\/\/radiostudiow.com.br\/site\/wp-content\/uploads\/2023\/07\/image-10-300x68.jpg 300w, https:\/\/radiostudiow.com.br\/site\/wp-content\/uploads\/2023\/07\/image-10-768x175.jpg 768w\" sizes=\"auto, (max-width: 897px) 100vw, 897px\" \/><\/figure>\n\n\n\n<p>Assista e acompanhe as informa\u00e7\u00f5es de primeira m\u00e3o no Jornal W Not\u00edcias, o notici\u00e1rio de Mallet e regi\u00e3o &#8211; De Segunda a Sexta, a partir das 19:30 horas &#8211; Apresenta\u00e7\u00e3o Valdir Wladyka<\/p>\n","protected":false},"excerpt":{"rendered":"<p>Na tarde desta sexta-feira, 14, um avi\u00e3o monomotor caiu em S\u00e3o Crist\u00f3v\u00e3o, na rua Abilon de Souza Naves, nas proximidades do Aeroporto Jos\u00e9 Cleto, em Uni\u00e3o da Vit\u00f3ria (PR). Segundo o Corpo de Bombeiros e a Pol\u00edcia Militar, houve vazamento de combust\u00edvel da aeronave no asfalto, mas ningu\u00e9m ficou ferido com a queda. As equipes [&hellip;]<\/p>\n","protected":false},"author":2,"featured_media":13810,"comment_status":"open","ping_status":"open","sticky":false,"template":"","format":"standard","meta":{"footnotes":""},"categories":[185],"tags":[172],"class_list":["post-13802","post","type-post","status-publish","format-standard","has-post-thumbnail","hentry","category-regional","tag-featured"],"amp_enabled":true,"_links":{"self":[{"href":"https:\/\/radiostudiow.com.br\/site\/wp-json\/wp\/v2\/posts\/13802","targetHints":{"allow":["GET"]}}],"collection":[{"href":"https:\/\/radiostudiow.com.br\/site\/wp-json\/wp\/v2\/posts"}],"about":[{"href":"https:\/\/radiostudiow.com.br\/site\/wp-json\/wp\/v2\/types\/post"}],"author":[{"embeddable":true,"href":"https:\/\/radiostudiow.com.br\/site\/wp-json\/wp\/v2\/users\/2"}],"replies":[{"embeddable":true,"href":"https:\/\/radiostudiow.com.br\/site\/wp-json\/wp\/v2\/comments?post=13802"}],"version-history":[{"count":2,"href":"https:\/\/radiostudiow.com.br\/site\/wp-json\/wp\/v2\/posts\/13802\/revisions"}],"predecessor-version":[{"id":13809,"href":"https:\/\/radiostudiow.com.br\/site\/wp-json\/wp\/v2\/posts\/13802\/revisions\/13809"}],"wp:featuredmedia":[{"embeddable":true,"href":"https:\/\/radiostudiow.com.br\/site\/wp-json\/wp\/v2\/media\/13810"}],"wp:attachment":[{"href":"https:\/\/radiostudiow.com.br\/site\/wp-json\/wp\/v2\/media?parent=13802"}],"wp:term":[{"taxonomy":"category","embeddable":true,"href":"https:\/\/radiostudiow.com.br\/site\/wp-json\/wp\/v2\/categories?post=13802"},{"taxonomy":"post_tag","embeddable":true,"href":"https:\/\/radiostudiow.com.br\/site\/wp-json\/wp\/v2\/tags?post=13802"}],"curies":[{"name":"wp","href":"https:\/\/api.w.org\/{rel}","templated":true}]}}