{"id":13805,"date":"2023-07-15T16:05:30","date_gmt":"2023-07-15T19:05:30","guid":{"rendered":"https:\/\/radiostudiow.com.br\/site\/?p=13805"},"modified":"2025-01-31T15:06:41","modified_gmt":"2025-01-31T18:06:41","slug":"pinturas-nos-paredoes-da-pista-de-skate-dao-vida-no-parque-dos-imigrantes-em-mallet","status":"publish","type":"post","link":"https:\/\/radiostudiow.com.br\/site\/2023\/07\/15\/pinturas-nos-paredoes-da-pista-de-skate-dao-vida-no-parque-dos-imigrantes-em-mallet\/","title":{"rendered":"W Not\u00edcias &#8211; Pinturas nos pared\u00f5es da pista de skate d\u00e3o vida no Parque dos Imigrantes em Mallet"},"content":{"rendered":"\n<p>Assista e acompanhe as informa\u00e7\u00f5es de primeira m\u00e3o no Jornal W Not\u00edcias, o notici\u00e1rio de Mallet e regi\u00e3o &#8211; De Segunda a Sexta, a partir das 19:30 horas &#8211; Apresenta\u00e7\u00e3o Valdir Wladyka<\/p>\n\n\n\n<figure class=\"wp-block-image size-full\"><img loading=\"lazy\" decoding=\"async\" width=\"897\" height=\"204\" src=\"https:\/\/radiostudiow.com.br\/site\/wp-content\/uploads\/2023\/06\/image-10.png\" alt=\"\" class=\"wp-image-13307\" srcset=\"https:\/\/radiostudiow.com.br\/site\/wp-content\/uploads\/2023\/06\/image-10.png 897w, https:\/\/radiostudiow.com.br\/site\/wp-content\/uploads\/2023\/06\/image-10-300x68.png 300w, https:\/\/radiostudiow.com.br\/site\/wp-content\/uploads\/2023\/06\/image-10-768x175.png 768w\" sizes=\"auto, (max-width: 897px) 100vw, 897px\" \/><\/figure>\n\n\n\n<figure class=\"wp-block-embed is-type-video is-provider-youtube wp-block-embed-youtube wp-embed-aspect-16-9 wp-has-aspect-ratio\"><div class=\"wp-block-embed__wrapper\">\n<iframe loading=\"lazy\" title=\"W Not\u00edcias - Pinturas nos pared\u00f5es da pista de skate d\u00e3o vida no Parque dos Imigrantes em Mallet\" width=\"740\" height=\"416\" src=\"https:\/\/www.youtube.com\/embed\/waVjtthhef4?feature=oembed\" frameborder=\"0\" allow=\"accelerometer; autoplay; clipboard-write; encrypted-media; gyroscope; picture-in-picture; web-share\" allowfullscreen><\/iframe>\n<\/div><\/figure>\n\n\n\n<figure class=\"wp-block-image size-full\"><img decoding=\"async\" src=\"https:\/\/radiostudiow.com.br\/site\/wp-content\/uploads\/2022\/07\/WRNET.jpg\" alt=\"\" class=\"wp-image-8313\"\/><\/figure>\n\n\n\n<p>Mat\u00e9ria reproduzida originalmente na Edi\u00e7\u00e3o de 14\/07\/2023 do Jornal W Not\u00edcias<\/p>\n","protected":false},"excerpt":{"rendered":"<p>Assista e acompanhe as informa\u00e7\u00f5es de primeira m\u00e3o no Jornal W Not\u00edcias, o notici\u00e1rio de Mallet e regi\u00e3o &#8211; De Segunda a Sexta, a partir das 19:30 horas &#8211; Apresenta\u00e7\u00e3o Valdir Wladyka Mat\u00e9ria reproduzida originalmente na Edi\u00e7\u00e3o de 14\/07\/2023 do Jornal W Not\u00edcias<\/p>\n","protected":false},"author":2,"featured_media":13806,"comment_status":"open","ping_status":"open","sticky":false,"template":"","format":"standard","meta":{"footnotes":""},"categories":[184],"tags":[172],"class_list":["post-13805","post","type-post","status-publish","format-standard","has-post-thumbnail","hentry","category-local","tag-featured"],"amp_enabled":true,"_links":{"self":[{"href":"https:\/\/radiostudiow.com.br\/site\/wp-json\/wp\/v2\/posts\/13805","targetHints":{"allow":["GET"]}}],"collection":[{"href":"https:\/\/radiostudiow.com.br\/site\/wp-json\/wp\/v2\/posts"}],"about":[{"href":"https:\/\/radiostudiow.com.br\/site\/wp-json\/wp\/v2\/types\/post"}],"author":[{"embeddable":true,"href":"https:\/\/radiostudiow.com.br\/site\/wp-json\/wp\/v2\/users\/2"}],"replies":[{"embeddable":true,"href":"https:\/\/radiostudiow.com.br\/site\/wp-json\/wp\/v2\/comments?post=13805"}],"version-history":[{"count":2,"href":"https:\/\/radiostudiow.com.br\/site\/wp-json\/wp\/v2\/posts\/13805\/revisions"}],"predecessor-version":[{"id":13811,"href":"https:\/\/radiostudiow.com.br\/site\/wp-json\/wp\/v2\/posts\/13805\/revisions\/13811"}],"wp:featuredmedia":[{"embeddable":true,"href":"https:\/\/radiostudiow.com.br\/site\/wp-json\/wp\/v2\/media\/13806"}],"wp:attachment":[{"href":"https:\/\/radiostudiow.com.br\/site\/wp-json\/wp\/v2\/media?parent=13805"}],"wp:term":[{"taxonomy":"category","embeddable":true,"href":"https:\/\/radiostudiow.com.br\/site\/wp-json\/wp\/v2\/categories?post=13805"},{"taxonomy":"post_tag","embeddable":true,"href":"https:\/\/radiostudiow.com.br\/site\/wp-json\/wp\/v2\/tags?post=13805"}],"curies":[{"name":"wp","href":"https:\/\/api.w.org\/{rel}","templated":true}]}}