{"id":13812,"date":"2023-07-17T10:04:59","date_gmt":"2023-07-17T13:04:59","guid":{"rendered":"https:\/\/radiostudiow.com.br\/site\/?p=13812"},"modified":"2025-01-31T15:06:41","modified_gmt":"2025-01-31T18:06:41","slug":"trator-furtado-em-santa-catarina-e-recuperado-em-sao-mateus-do-sul","status":"publish","type":"post","link":"https:\/\/radiostudiow.com.br\/site\/2023\/07\/17\/trator-furtado-em-santa-catarina-e-recuperado-em-sao-mateus-do-sul\/","title":{"rendered":"Trator furtado em Santa Catarina \u00e9 recuperado em S\u00e3o Mateus do Sul"},"content":{"rendered":"\n<figure class=\"wp-block-image size-large\"><img decoding=\"async\" src=\"https:\/\/radiostudiow.com.br\/site\/wp-content\/uploads\/2023\/01\/capa-1024x384.jpg\" alt=\"\" class=\"wp-image-10696\"\/><\/figure>\n\n\n\n<p>As equipes da Rotam e Pol\u00edcia Rodovi\u00e1ria Estadual (PRE) de S\u00e3o Mateus do Sul, recuperaram na noite deste domingo (16), um trator que havia sido furtado na localidade de Serra do Craveiro, em Santa Terezinha (SC).<\/p>\n\n\n\n<figure class=\"wp-block-image size-full\"><img loading=\"lazy\" decoding=\"async\" width=\"768\" height=\"860\" src=\"https:\/\/radiostudiow.com.br\/site\/wp-content\/uploads\/2023\/07\/image-22.png\" alt=\"\" class=\"wp-image-13813\" srcset=\"https:\/\/radiostudiow.com.br\/site\/wp-content\/uploads\/2023\/07\/image-22.png 768w, https:\/\/radiostudiow.com.br\/site\/wp-content\/uploads\/2023\/07\/image-22-268x300.png 268w\" sizes=\"auto, (max-width: 768px) 100vw, 768px\" \/><figcaption class=\"wp-element-caption\"><em>Foto: Fabiano Fernandes\/PRE.<\/em><\/figcaption><\/figure>\n\n\n\n<p>Ap\u00f3s receberem informa\u00e7\u00f5es de que a m\u00e1quina agr\u00edcola estaria sendo trazida \u00e0 regi\u00e3o, os policiais passaram a fazer dilig\u00eancias e com o apoio da comunidade, conseguiram encontr\u00e1-la na localidade de Dois Irm\u00e3os, em S\u00e3o Mateus do Sul.<\/p>\n\n\n<div class=\"wp-block-image\">\n<figure class=\"aligncenter size-full\"><img decoding=\"async\" src=\"https:\/\/radiostudiow.com.br\/site\/wp-content\/uploads\/2023\/05\/SITE-MEDIO.png\" alt=\"\" class=\"wp-image-12661\"\/><\/figure>\n<\/div>\n\n\n<p>Em suas redes sociais, o PRE Fabiano Fernandes enfatizou o trabalho das equipes e tamb\u00e9m agradeceu o apoio da comunidade no trabalho de recupera\u00e7\u00e3o do ve\u00edculo.<\/p>\n\n\n\n<figure class=\"wp-block-image size-full\"><img loading=\"lazy\" decoding=\"async\" width=\"768\" height=\"798\" src=\"https:\/\/radiostudiow.com.br\/site\/wp-content\/uploads\/2023\/07\/image-24.png\" alt=\"\" class=\"wp-image-13814\" srcset=\"https:\/\/radiostudiow.com.br\/site\/wp-content\/uploads\/2023\/07\/image-24.png 768w, https:\/\/radiostudiow.com.br\/site\/wp-content\/uploads\/2023\/07\/image-24-289x300.png 289w\" sizes=\"auto, (max-width: 768px) 100vw, 768px\" \/><figcaption class=\"wp-element-caption\"><em>Foto: Fabiano Fernandes\/PRE.<\/em><\/figcaption><\/figure>\n\n\n\n<p>Um trator [que havia sido] furtado em Santa Catarina foi recuperado em S\u00e3o Mateus do Sul. Nosso agradecimento \u00e0 equipe da Rotam pelo apoio, em especial aos moradores Alex e Jocelio que n\u00e3o mediram esfor\u00e7os em auxiliar a equipe das coordenadas que o trator seguia\u201d, disse.<\/p>\n\n\n\n<p>Fonte: <a href=\"https:\/\/portalrdx.com.br\/17\/07\/2023\/trator-furtado-em-santa-catarina-e-recuperado-em-sao-mateus-do-sul\/\" data-type=\"URL\" data-id=\"https:\/\/portalrdx.com.br\/17\/07\/2023\/trator-furtado-em-santa-catarina-e-recuperado-em-sao-mateus-do-sul\/\" target=\"_blank\" rel=\"noreferrer noopener\">Portal RDX<\/a><\/p>\n\n\n\n<figure class=\"wp-block-image size-full\"><img decoding=\"async\" src=\"https:\/\/radiostudiow.com.br\/site\/wp-content\/uploads\/2022\/06\/vem_ai.jpg\" alt=\"\" class=\"wp-image-7789\"\/><\/figure>\n","protected":false},"excerpt":{"rendered":"<p>As equipes da Rotam e Pol\u00edcia Rodovi\u00e1ria Estadual (PRE) de S\u00e3o Mateus do Sul, recuperaram na noite deste domingo (16), um trator que havia sido furtado na localidade de Serra do Craveiro, em Santa Terezinha (SC). Ap\u00f3s receberem informa\u00e7\u00f5es de que a m\u00e1quina agr\u00edcola estaria sendo trazida \u00e0 regi\u00e3o, os policiais passaram a fazer dilig\u00eancias [&hellip;]<\/p>\n","protected":false},"author":2,"featured_media":13815,"comment_status":"open","ping_status":"open","sticky":false,"template":"","format":"standard","meta":{"footnotes":""},"categories":[2,185],"tags":[172],"class_list":["post-13812","post","type-post","status-publish","format-standard","has-post-thumbnail","hentry","category-policial","category-regional","tag-featured"],"amp_enabled":true,"_links":{"self":[{"href":"https:\/\/radiostudiow.com.br\/site\/wp-json\/wp\/v2\/posts\/13812","targetHints":{"allow":["GET"]}}],"collection":[{"href":"https:\/\/radiostudiow.com.br\/site\/wp-json\/wp\/v2\/posts"}],"about":[{"href":"https:\/\/radiostudiow.com.br\/site\/wp-json\/wp\/v2\/types\/post"}],"author":[{"embeddable":true,"href":"https:\/\/radiostudiow.com.br\/site\/wp-json\/wp\/v2\/users\/2"}],"replies":[{"embeddable":true,"href":"https:\/\/radiostudiow.com.br\/site\/wp-json\/wp\/v2\/comments?post=13812"}],"version-history":[{"count":2,"href":"https:\/\/radiostudiow.com.br\/site\/wp-json\/wp\/v2\/posts\/13812\/revisions"}],"predecessor-version":[{"id":13818,"href":"https:\/\/radiostudiow.com.br\/site\/wp-json\/wp\/v2\/posts\/13812\/revisions\/13818"}],"wp:featuredmedia":[{"embeddable":true,"href":"https:\/\/radiostudiow.com.br\/site\/wp-json\/wp\/v2\/media\/13815"}],"wp:attachment":[{"href":"https:\/\/radiostudiow.com.br\/site\/wp-json\/wp\/v2\/media?parent=13812"}],"wp:term":[{"taxonomy":"category","embeddable":true,"href":"https:\/\/radiostudiow.com.br\/site\/wp-json\/wp\/v2\/categories?post=13812"},{"taxonomy":"post_tag","embeddable":true,"href":"https:\/\/radiostudiow.com.br\/site\/wp-json\/wp\/v2\/tags?post=13812"}],"curies":[{"name":"wp","href":"https:\/\/api.w.org\/{rel}","templated":true}]}}