{"id":13819,"date":"2023-07-17T11:47:26","date_gmt":"2023-07-17T14:47:26","guid":{"rendered":"https:\/\/radiostudiow.com.br\/site\/?p=13819"},"modified":"2025-01-31T15:06:41","modified_gmt":"2025-01-31T18:06:41","slug":"policia-militar-prende-homem-por-posse-irregular-de-arma-de-fogo-em-antonio-olinto","status":"publish","type":"post","link":"https:\/\/radiostudiow.com.br\/site\/2023\/07\/17\/policia-militar-prende-homem-por-posse-irregular-de-arma-de-fogo-em-antonio-olinto\/","title":{"rendered":"Pol\u00edcia Militar prende homem por posse irregular de arma de fogo em Ant\u00f4nio Olinto"},"content":{"rendered":"\n<figure class=\"wp-block-image size-full\"><img decoding=\"async\" src=\"https:\/\/radiostudiow.com.br\/site\/wp-content\/uploads\/2022\/02\/SICREDI.jpg\" alt=\"\" class=\"wp-image-5731\"\/><\/figure>\n\n\n\n<p>Na tarde de sexta (14), a PM de Ant\u00f4nio Olinto realizou a pris\u00e3o de um indiv\u00edduo por posse irregular de arma de fogo. A a\u00e7\u00e3o ocorreu durante um patrulhamento de rotina no centro da cidade, quando a equipe avistou um ve\u00edculo vermelho em atitude suspeita.<\/p>\n\n\n\n<p>Por volta das 15h40min, os policiais perceberam que o condutor do ve\u00edculo acelerou bruscamente ao notar a aproxima\u00e7\u00e3o da viatura. Essa atitude levantou suspeitas por parte da equipe, que prontamente iniciou um acompanhamento t\u00e1tico com o uso de sinal luminoso e sonoro.<\/p>\n\n\n\n<p>Ap\u00f3s alcan\u00e7ar o ve\u00edculo suspeito, os policiais deram ordem de abordagem ao condutor. Durante a busca pessoal, nada de il\u00edcito foi encontrado com o indiv\u00edduo, que estava devidamente habilitado e cooperou com os policiais. No entanto, ao realizar a busca veicular, os agentes encontraram uma espingarda calibre .36, de fabrica\u00e7\u00e3o artesanal e sem marca\u00e7\u00e3o, enrolada em um pano vermelho, no banco traseiro do ve\u00edculo.<\/p>\n\n\n<div class=\"wp-block-image\">\n<figure class=\"aligncenter size-full\"><img decoding=\"async\" src=\"https:\/\/radiostudiow.com.br\/site\/wp-content\/uploads\/2022\/03\/WRNET.jpg\" alt=\"\" class=\"wp-image-6277\"\/><\/figure>\n<\/div>\n\n\n<p>Al\u00e9m da arma de fogo, foram encontrados tr\u00eas cartuchos deflagrados de calibre .32 e nove cartuchos deflagrados de calibre .36. Tamb\u00e9m foram descobertos materiais de recarga em uma bolsa verde, localizada no banco traseiro. Durante a busca, foram encontradas duas garrafas de cacha\u00e7a 51, sendo uma vazia e outra pela metade.<\/p>\n\n\n\n<p>Diante dessas evid\u00eancias, o homem foi informado sobre sua pris\u00e3o e seus direitos constitucionais. Ele foi conduzido at\u00e9 o destacamento policial para uma verifica\u00e7\u00e3o mais detalhada do ve\u00edculo e contagem dos materiais apreendidos. O autom\u00f3vel n\u00e3o apresentava pend\u00eancias administrativas e foi liberado para um familiar do detido.<\/p>\n\n\n\n<p>O indiv\u00edduo, sem o uso de algemas, foi conduzido no banco traseiro da viatura policial at\u00e9 o Pronto Atendimento de S\u00e3o Mateus do Sul, onde foi submetido a um teste etilom\u00e9trico que apontou o \u00edndice de 0,90 mg\/L de \u00e1lcool no sangue. Em seguida, a equipe policial acompanhou o detido at\u00e9 a 3\u00aa Companhia de Pol\u00edcia Militar para as devidas provid\u00eancias de pol\u00edcia judici\u00e1ria.<\/p>\n\n\n<div class=\"wp-block-image\">\n<figure class=\"aligncenter size-full\"><img decoding=\"async\" src=\"https:\/\/radiostudiow.com.br\/site\/wp-content\/uploads\/2022\/06\/NUTRI-MALLET.jpg\" alt=\"\" class=\"wp-image-7772\"\/><\/figure>\n<\/div>","protected":false},"excerpt":{"rendered":"<p>Na tarde de sexta (14), a PM de Ant\u00f4nio Olinto realizou a pris\u00e3o de um indiv\u00edduo por posse irregular de arma de fogo. A a\u00e7\u00e3o ocorreu durante um patrulhamento de rotina no centro da cidade, quando a equipe avistou um ve\u00edculo vermelho em atitude suspeita. Por volta das 15h40min, os policiais perceberam que o condutor [&hellip;]<\/p>\n","protected":false},"author":2,"featured_media":13773,"comment_status":"open","ping_status":"open","sticky":false,"template":"","format":"standard","meta":{"footnotes":""},"categories":[2,185],"tags":[172],"class_list":["post-13819","post","type-post","status-publish","format-standard","has-post-thumbnail","hentry","category-policial","category-regional","tag-featured"],"amp_enabled":true,"_links":{"self":[{"href":"https:\/\/radiostudiow.com.br\/site\/wp-json\/wp\/v2\/posts\/13819","targetHints":{"allow":["GET"]}}],"collection":[{"href":"https:\/\/radiostudiow.com.br\/site\/wp-json\/wp\/v2\/posts"}],"about":[{"href":"https:\/\/radiostudiow.com.br\/site\/wp-json\/wp\/v2\/types\/post"}],"author":[{"embeddable":true,"href":"https:\/\/radiostudiow.com.br\/site\/wp-json\/wp\/v2\/users\/2"}],"replies":[{"embeddable":true,"href":"https:\/\/radiostudiow.com.br\/site\/wp-json\/wp\/v2\/comments?post=13819"}],"version-history":[{"count":1,"href":"https:\/\/radiostudiow.com.br\/site\/wp-json\/wp\/v2\/posts\/13819\/revisions"}],"predecessor-version":[{"id":13820,"href":"https:\/\/radiostudiow.com.br\/site\/wp-json\/wp\/v2\/posts\/13819\/revisions\/13820"}],"wp:featuredmedia":[{"embeddable":true,"href":"https:\/\/radiostudiow.com.br\/site\/wp-json\/wp\/v2\/media\/13773"}],"wp:attachment":[{"href":"https:\/\/radiostudiow.com.br\/site\/wp-json\/wp\/v2\/media?parent=13819"}],"wp:term":[{"taxonomy":"category","embeddable":true,"href":"https:\/\/radiostudiow.com.br\/site\/wp-json\/wp\/v2\/categories?post=13819"},{"taxonomy":"post_tag","embeddable":true,"href":"https:\/\/radiostudiow.com.br\/site\/wp-json\/wp\/v2\/tags?post=13819"}],"curies":[{"name":"wp","href":"https:\/\/api.w.org\/{rel}","templated":true}]}}