{"id":13821,"date":"2023-07-17T15:27:38","date_gmt":"2023-07-17T18:27:38","guid":{"rendered":"https:\/\/radiostudiow.com.br\/site\/?p=13821"},"modified":"2025-01-31T15:06:41","modified_gmt":"2025-01-31T18:06:41","slug":"bebe-morre-por-asfixia-em-porto-uniao","status":"publish","type":"post","link":"https:\/\/radiostudiow.com.br\/site\/2023\/07\/17\/bebe-morre-por-asfixia-em-porto-uniao\/","title":{"rendered":"Beb\u00ea de um m\u00eas morre em Porto Uni\u00e3o por asfixia"},"content":{"rendered":"\n<figure class=\"wp-block-image size-full\"><img decoding=\"async\" src=\"https:\/\/radiostudiow.com.br\/site\/wp-content\/uploads\/2022\/03\/SICREDI.jpg\" alt=\"\" class=\"wp-image-6409\"\/><\/figure>\n\n\n\n<p>Um beb\u00ea morreu em Porto Uni\u00e3o neste domingo, dia 16. A crian\u00e7a morava no bairro Santa Rosa e a causa da morte foi por asfixia.<\/p>\n\n\n\n<p>O beb\u00ea de um m\u00eas e quatorze dias chegou a ser socorrido pelos bombeiros de Porto Uni\u00e3o, mas n\u00e3o resistiu e morreu no hospital S\u00e3o Braz.<\/p>\n\n\n\n<figure class=\"wp-block-image size-full\"><img loading=\"lazy\" decoding=\"async\" width=\"897\" height=\"204\" src=\"https:\/\/radiostudiow.com.br\/site\/wp-content\/uploads\/2023\/06\/image-10.png\" alt=\"\" class=\"wp-image-13307\" srcset=\"https:\/\/radiostudiow.com.br\/site\/wp-content\/uploads\/2023\/06\/image-10.png 897w, https:\/\/radiostudiow.com.br\/site\/wp-content\/uploads\/2023\/06\/image-10-300x68.png 300w, https:\/\/radiostudiow.com.br\/site\/wp-content\/uploads\/2023\/06\/image-10-768x175.png 768w\" sizes=\"auto, (max-width: 897px) 100vw, 897px\" \/><\/figure>\n\n\n\n<p>De acordo com informa\u00e7\u00f5es, o irm\u00e3o de dois anos teria deitado sobre o beb\u00ea, ocasionando uma parada cardiorrespirat\u00f3ria. Mesmo com as tentativas de reanima\u00e7\u00e3o, a crian\u00e7a n\u00e3o sobreviveu.<\/p>\n\n\n\n<p>O corpo do beb\u00ea com as iniciais \u201cN.V.P.\u201d foi liberado para vel\u00f3rio na Capela Municipal de Porto Uni\u00e3o, o sepultamento ocorreu nesta segunda-feira, dia 17, \u00e0s 09h no Cemit\u00e9rio Municipal de Porto Uni\u00e3o.<\/p>\n\n\n<div class=\"wp-block-image\">\n<figure class=\"aligncenter size-full\"><img decoding=\"async\" src=\"https:\/\/radiostudiow.com.br\/site\/wp-content\/uploads\/2022\/07\/WRNET.jpg\" alt=\"\" class=\"wp-image-8313\"\/><\/figure>\n<\/div>","protected":false},"excerpt":{"rendered":"<p>Um beb\u00ea morreu em Porto Uni\u00e3o neste domingo, dia 16. A crian\u00e7a morava no bairro Santa Rosa e a causa da morte foi por asfixia. O beb\u00ea de um m\u00eas e quatorze dias chegou a ser socorrido pelos bombeiros de Porto Uni\u00e3o, mas n\u00e3o resistiu e morreu no hospital S\u00e3o Braz. De acordo com informa\u00e7\u00f5es, [&hellip;]<\/p>\n","protected":false},"author":2,"featured_media":13822,"comment_status":"open","ping_status":"open","sticky":false,"template":"","format":"standard","meta":{"footnotes":""},"categories":[185],"tags":[172],"class_list":["post-13821","post","type-post","status-publish","format-standard","has-post-thumbnail","hentry","category-regional","tag-featured"],"amp_enabled":true,"_links":{"self":[{"href":"https:\/\/radiostudiow.com.br\/site\/wp-json\/wp\/v2\/posts\/13821","targetHints":{"allow":["GET"]}}],"collection":[{"href":"https:\/\/radiostudiow.com.br\/site\/wp-json\/wp\/v2\/posts"}],"about":[{"href":"https:\/\/radiostudiow.com.br\/site\/wp-json\/wp\/v2\/types\/post"}],"author":[{"embeddable":true,"href":"https:\/\/radiostudiow.com.br\/site\/wp-json\/wp\/v2\/users\/2"}],"replies":[{"embeddable":true,"href":"https:\/\/radiostudiow.com.br\/site\/wp-json\/wp\/v2\/comments?post=13821"}],"version-history":[{"count":3,"href":"https:\/\/radiostudiow.com.br\/site\/wp-json\/wp\/v2\/posts\/13821\/revisions"}],"predecessor-version":[{"id":13847,"href":"https:\/\/radiostudiow.com.br\/site\/wp-json\/wp\/v2\/posts\/13821\/revisions\/13847"}],"wp:featuredmedia":[{"embeddable":true,"href":"https:\/\/radiostudiow.com.br\/site\/wp-json\/wp\/v2\/media\/13822"}],"wp:attachment":[{"href":"https:\/\/radiostudiow.com.br\/site\/wp-json\/wp\/v2\/media?parent=13821"}],"wp:term":[{"taxonomy":"category","embeddable":true,"href":"https:\/\/radiostudiow.com.br\/site\/wp-json\/wp\/v2\/categories?post=13821"},{"taxonomy":"post_tag","embeddable":true,"href":"https:\/\/radiostudiow.com.br\/site\/wp-json\/wp\/v2\/tags?post=13821"}],"curies":[{"name":"wp","href":"https:\/\/api.w.org\/{rel}","templated":true}]}}