{"id":13833,"date":"2023-07-18T10:07:59","date_gmt":"2023-07-18T13:07:59","guid":{"rendered":"https:\/\/radiostudiow.com.br\/site\/?p=13833"},"modified":"2025-01-31T15:06:41","modified_gmt":"2025-01-31T18:06:41","slug":"crianca-fica-em-estado-grave-apos-acidente-na-br-153-proximo-a-uniao-da-vitoria","status":"publish","type":"post","link":"https:\/\/radiostudiow.com.br\/site\/2023\/07\/18\/crianca-fica-em-estado-grave-apos-acidente-na-br-153-proximo-a-uniao-da-vitoria\/","title":{"rendered":"Crian\u00e7a fica em estado grave ap\u00f3s acidente na BR-153, pr\u00f3ximo a Uni\u00e3o da Vit\u00f3ria"},"content":{"rendered":"\n<figure class=\"wp-block-image size-full\"><img decoding=\"async\" src=\"https:\/\/radiostudiow.com.br\/site\/wp-content\/uploads\/2022\/06\/NUTRI-MALLET.jpg\" alt=\"\" class=\"wp-image-7772\"\/><\/figure>\n\n\n\n<p>Tr\u00eas crian\u00e7as e um adulto ficaram feridos em um grave acidente na rodovia BR-153, na entrada do Posto Cacique, em Uni\u00e3o da Vit\u00f3ria. Um carro e um caminh\u00e3o colidiram por volta das 12h15 da tarde desta segunda-feira, dia 17. Equipes do SAMU e do Corpo de Bombeiros atenderam a ocorr\u00eancia.<\/p>\n\n\n\n<p>No carro modelo VW\/Gol, de Paranagu\u00e1, estava uma fam\u00edlia, sendo o casal e tr\u00eas filhos. Com a batida, um menino de seis anos, foi socorrido em estado grave, o qual exigiu uma aten\u00e7\u00e3o especial das equipes de socorro, que ap\u00f3s os procedimentos no local, conduziram a crian\u00e7a at\u00e9 o hospital Regional. <\/p>\n\n\n\n<p>Ap\u00f3s ser levada ao hospital, a crian\u00e7a foi estabilizada.<\/p>\n\n\n\n<figure class=\"wp-block-image size-full\"><img loading=\"lazy\" decoding=\"async\" width=\"500\" height=\"379\" src=\"https:\/\/radiostudiow.com.br\/site\/wp-content\/uploads\/2023\/07\/image-32.png\" alt=\"\" class=\"wp-image-13842\" srcset=\"https:\/\/radiostudiow.com.br\/site\/wp-content\/uploads\/2023\/07\/image-32.png 500w, https:\/\/radiostudiow.com.br\/site\/wp-content\/uploads\/2023\/07\/image-32-300x227.png 300w\" sizes=\"auto, (max-width: 500px) 100vw, 500px\" \/><\/figure>\n\n\n\n<p>No carro estavam tamb\u00e9m mais quatro pessoas, sendo dois adolescentes que sofreram ferimentos mais leves, assim como a m\u00e3e, que teve escoria\u00e7\u00f5es. J\u00e1 o homem n\u00e3o sofreu ferimentos. A colis\u00e3o ocorreu na entrada do Posto, e envolveu um caminh\u00e3o Volkswagen de Curitiba\/PR. O motorista do caminh\u00e3o n\u00e3o se feriu. O tr\u00e2nsito n\u00e3o chegou a ficar interditado e a ocorr\u00eancia foi registrada pela Pol\u00edcia Rodovi\u00e1ria Federal \u2013 PRF.<\/p>\n\n\n\n<figure class=\"wp-block-image size-full\"><img loading=\"lazy\" decoding=\"async\" width=\"500\" height=\"342\" src=\"https:\/\/radiostudiow.com.br\/site\/wp-content\/uploads\/2023\/07\/image-33.png\" alt=\"\" class=\"wp-image-13843\" srcset=\"https:\/\/radiostudiow.com.br\/site\/wp-content\/uploads\/2023\/07\/image-33.png 500w, https:\/\/radiostudiow.com.br\/site\/wp-content\/uploads\/2023\/07\/image-33-300x205.png 300w\" sizes=\"auto, (max-width: 500px) 100vw, 500px\" \/><\/figure>\n\n\n\n<figure class=\"wp-block-image size-full\"><img decoding=\"async\" src=\"https:\/\/radiostudiow.com.br\/site\/wp-content\/uploads\/2022\/07\/WRNET.jpg\" alt=\"\" class=\"wp-image-8313\"\/><\/figure>\n","protected":false},"excerpt":{"rendered":"<p>Tr\u00eas crian\u00e7as e um adulto ficaram feridos em um grave acidente na rodovia BR-153, na entrada do Posto Cacique, em Uni\u00e3o da Vit\u00f3ria. Um carro e um caminh\u00e3o colidiram por volta das 12h15 da tarde desta segunda-feira, dia 17. Equipes do SAMU e do Corpo de Bombeiros atenderam a ocorr\u00eancia. No carro modelo VW\/Gol, de [&hellip;]<\/p>\n","protected":false},"author":2,"featured_media":13842,"comment_status":"open","ping_status":"open","sticky":false,"template":"","format":"standard","meta":{"footnotes":""},"categories":[185],"tags":[172],"class_list":["post-13833","post","type-post","status-publish","format-standard","has-post-thumbnail","hentry","category-regional","tag-featured"],"amp_enabled":true,"_links":{"self":[{"href":"https:\/\/radiostudiow.com.br\/site\/wp-json\/wp\/v2\/posts\/13833","targetHints":{"allow":["GET"]}}],"collection":[{"href":"https:\/\/radiostudiow.com.br\/site\/wp-json\/wp\/v2\/posts"}],"about":[{"href":"https:\/\/radiostudiow.com.br\/site\/wp-json\/wp\/v2\/types\/post"}],"author":[{"embeddable":true,"href":"https:\/\/radiostudiow.com.br\/site\/wp-json\/wp\/v2\/users\/2"}],"replies":[{"embeddable":true,"href":"https:\/\/radiostudiow.com.br\/site\/wp-json\/wp\/v2\/comments?post=13833"}],"version-history":[{"count":2,"href":"https:\/\/radiostudiow.com.br\/site\/wp-json\/wp\/v2\/posts\/13833\/revisions"}],"predecessor-version":[{"id":13844,"href":"https:\/\/radiostudiow.com.br\/site\/wp-json\/wp\/v2\/posts\/13833\/revisions\/13844"}],"wp:featuredmedia":[{"embeddable":true,"href":"https:\/\/radiostudiow.com.br\/site\/wp-json\/wp\/v2\/media\/13842"}],"wp:attachment":[{"href":"https:\/\/radiostudiow.com.br\/site\/wp-json\/wp\/v2\/media?parent=13833"}],"wp:term":[{"taxonomy":"category","embeddable":true,"href":"https:\/\/radiostudiow.com.br\/site\/wp-json\/wp\/v2\/categories?post=13833"},{"taxonomy":"post_tag","embeddable":true,"href":"https:\/\/radiostudiow.com.br\/site\/wp-json\/wp\/v2\/tags?post=13833"}],"curies":[{"name":"wp","href":"https:\/\/api.w.org\/{rel}","templated":true}]}}