{"id":13835,"date":"2023-07-18T10:14:53","date_gmt":"2023-07-18T13:14:53","guid":{"rendered":"https:\/\/radiostudiow.com.br\/site\/?p=13835"},"modified":"2025-01-31T15:06:41","modified_gmt":"2025-01-31T18:06:41","slug":"homem-e-preso-por-violencia-domestica-em-uniao-da-vitoria","status":"publish","type":"post","link":"https:\/\/radiostudiow.com.br\/site\/2023\/07\/18\/homem-e-preso-por-violencia-domestica-em-uniao-da-vitoria\/","title":{"rendered":"Homem \u00e9 preso por viol\u00eancia dom\u00e9stica em Uni\u00e3o da Vit\u00f3ria"},"content":{"rendered":"\n<figure class=\"wp-block-image size-full\"><img decoding=\"async\" src=\"https:\/\/radiostudiow.com.br\/site\/wp-content\/uploads\/2022\/06\/SICREDI.jpg\" alt=\"\" class=\"wp-image-7695\"\/><\/figure>\n\n\n\n<p>Na tarde deste domingo (16), a Pol\u00edcia foi acionada para atender a um chamado de viol\u00eancia dom\u00e9stica, onde um homem teria agredido sua esposa. Ao chegar ao local, os policiais encontraram a v\u00edtima deitada no ch\u00e3o da casa de uma vizinha, visivelmente abalada.<\/p>\n\n\n\n<p>Ap\u00f3s ser questionada sobre o ocorrido, a v\u00edtima relatou que o autor das agress\u00f5es \u00e9 seu convivente e que ele a teria agredido com socos no rosto, regi\u00e3o abdominal, chutes nas pernas, al\u00e9m de pux\u00f5es e empurr\u00f5es. A v\u00edtima apresentava uma les\u00e3o na cabe\u00e7a com sangramento, resultado das agress\u00f5es. Al\u00e9m disso, o agressor teria asfixiado-a, apertando seu pesco\u00e7o, e a amea\u00e7ado de morte.<\/p>\n\n\n\n<p>A v\u00edtima conseguiu escapar para a casa de uma vizinha em busca de ajuda. A equipe policial constatou as les\u00f5es informadas pela v\u00edtima e, em seguida, questionou sobre o paradeiro do agressor, sendo apontada a resid\u00eancia em que o casal morava.<\/p>\n\n\n\n<figure class=\"wp-block-image size-full\"><img loading=\"lazy\" decoding=\"async\" width=\"897\" height=\"204\" src=\"https:\/\/radiostudiow.com.br\/site\/wp-content\/uploads\/2023\/06\/image-10.png\" alt=\"\" class=\"wp-image-13307\" srcset=\"https:\/\/radiostudiow.com.br\/site\/wp-content\/uploads\/2023\/06\/image-10.png 897w, https:\/\/radiostudiow.com.br\/site\/wp-content\/uploads\/2023\/06\/image-10-300x68.png 300w, https:\/\/radiostudiow.com.br\/site\/wp-content\/uploads\/2023\/06\/image-10-768x175.png 768w\" sizes=\"auto, (max-width: 897px) 100vw, 897px\" \/><\/figure>\n\n\n\n<p>Diante dos fatos e da gravidade da situa\u00e7\u00e3o, os policiais acionaram o SAMU para prestar socorro \u00e0 v\u00edtima, que foi encaminhada para atendimento m\u00e9dico.<\/p>\n\n\n\n<p>Quando a equipe policial se aproximou da resid\u00eancia da v\u00edtima, avistou o agressor do lado de fora. A equipe deu voz de abordagem, por\u00e9m o indiv\u00edduo empreendeu fuga para dentro da casa. Considerando a flagr\u00e2ncia do delito, os policiais adentraram a resid\u00eancia e deram voz de pris\u00e3o ao agressor, que se recusou a acatar as ordens da equipe. Ele apresentava extremo comportamento agressivo e sinais de embriaguez. Ap\u00f3s ser contido, foi encaminhado \u00e0 4\u00aa SDP para os procedimentos cab\u00edveis.<\/p>\n\n\n\n<p>Ao consultar o sistema policial, a equipe constatou que o agressor possui seis boletins anteriores relacionados a situa\u00e7\u00f5es semelhantes \u00e0 ocorrida nesta data. Evidenciando um hist\u00f3rico de viol\u00eancia dom\u00e9stica por parte do indiv\u00edduo.<\/p>\n\n\n\n<figure class=\"wp-block-image size-full\"><img decoding=\"async\" src=\"https:\/\/radiostudiow.com.br\/site\/wp-content\/uploads\/2022\/07\/CAFE.jpg\" alt=\"\" class=\"wp-image-8288\"\/><\/figure>\n","protected":false},"excerpt":{"rendered":"<p>Na tarde deste domingo (16), a Pol\u00edcia foi acionada para atender a um chamado de viol\u00eancia dom\u00e9stica, onde um homem teria agredido sua esposa. Ao chegar ao local, os policiais encontraram a v\u00edtima deitada no ch\u00e3o da casa de uma vizinha, visivelmente abalada. Ap\u00f3s ser questionada sobre o ocorrido, a v\u00edtima relatou que o autor [&hellip;]<\/p>\n","protected":false},"author":2,"featured_media":13676,"comment_status":"open","ping_status":"open","sticky":false,"template":"","format":"standard","meta":{"footnotes":""},"categories":[2,185],"tags":[172],"class_list":["post-13835","post","type-post","status-publish","format-standard","has-post-thumbnail","hentry","category-policial","category-regional","tag-featured"],"amp_enabled":true,"_links":{"self":[{"href":"https:\/\/radiostudiow.com.br\/site\/wp-json\/wp\/v2\/posts\/13835","targetHints":{"allow":["GET"]}}],"collection":[{"href":"https:\/\/radiostudiow.com.br\/site\/wp-json\/wp\/v2\/posts"}],"about":[{"href":"https:\/\/radiostudiow.com.br\/site\/wp-json\/wp\/v2\/types\/post"}],"author":[{"embeddable":true,"href":"https:\/\/radiostudiow.com.br\/site\/wp-json\/wp\/v2\/users\/2"}],"replies":[{"embeddable":true,"href":"https:\/\/radiostudiow.com.br\/site\/wp-json\/wp\/v2\/comments?post=13835"}],"version-history":[{"count":2,"href":"https:\/\/radiostudiow.com.br\/site\/wp-json\/wp\/v2\/posts\/13835\/revisions"}],"predecessor-version":[{"id":13845,"href":"https:\/\/radiostudiow.com.br\/site\/wp-json\/wp\/v2\/posts\/13835\/revisions\/13845"}],"wp:featuredmedia":[{"embeddable":true,"href":"https:\/\/radiostudiow.com.br\/site\/wp-json\/wp\/v2\/media\/13676"}],"wp:attachment":[{"href":"https:\/\/radiostudiow.com.br\/site\/wp-json\/wp\/v2\/media?parent=13835"}],"wp:term":[{"taxonomy":"category","embeddable":true,"href":"https:\/\/radiostudiow.com.br\/site\/wp-json\/wp\/v2\/categories?post=13835"},{"taxonomy":"post_tag","embeddable":true,"href":"https:\/\/radiostudiow.com.br\/site\/wp-json\/wp\/v2\/tags?post=13835"}],"curies":[{"name":"wp","href":"https:\/\/api.w.org\/{rel}","templated":true}]}}