{"id":13837,"date":"2023-07-18T10:25:16","date_gmt":"2023-07-18T13:25:16","guid":{"rendered":"https:\/\/radiostudiow.com.br\/site\/?p=13837"},"modified":"2025-01-31T15:06:41","modified_gmt":"2025-01-31T18:06:41","slug":"suspeito-de-furto-e-detido-apos-confronto-com-vitima-em-sao-mateus-do-sul","status":"publish","type":"post","link":"https:\/\/radiostudiow.com.br\/site\/2023\/07\/18\/suspeito-de-furto-e-detido-apos-confronto-com-vitima-em-sao-mateus-do-sul\/","title":{"rendered":"Suspeito de furto \u00e9 detido ap\u00f3s confronto com v\u00edtima em S\u00e3o Mateus do Sul"},"content":{"rendered":"\n<figure class=\"wp-block-image size-large\"><img decoding=\"async\" src=\"https:\/\/radiostudiow.com.br\/site\/wp-content\/uploads\/2023\/01\/capa-1024x384.jpg\" alt=\"\" class=\"wp-image-10696\"\/><\/figure>\n\n\n\n<p>Na noite de s\u00e1bado (14), por volta das 19h40min, a pol\u00edcia foi acionada atrav\u00e9s da Central de Opera\u00e7\u00f5es para atender a uma ocorr\u00eancia de furto de uma bicicleta na Vila Amaral, em S\u00e3o Mateus do Sul.<\/p>\n\n\n\n<p>De acordo com o boletim de ocorr\u00eancia, o solicitante informou que seu filho e seu colega haviam chegado do trabalho e deixado uma bicicleta encostada na parte interna do p\u00e1tio, enquanto foram at\u00e9 a resid\u00eancia do filho que mora nos fundos. Nesse momento, o solicitante avistou um indiv\u00edduo dentro do p\u00e1tio, tentando levar a bicicleta do colega. Ele conseguiu conter o invasor, mas entrou em confronto f\u00edsico com ele, sendo derrubado, e o ladr\u00e3o evadiu-se do local.<\/p>\n\n\n\n<figure class=\"wp-block-image size-full\"><img loading=\"lazy\" decoding=\"async\" width=\"897\" height=\"204\" src=\"https:\/\/radiostudiow.com.br\/site\/wp-content\/uploads\/2023\/06\/image-10.png\" alt=\"\" class=\"wp-image-13307\" srcset=\"https:\/\/radiostudiow.com.br\/site\/wp-content\/uploads\/2023\/06\/image-10.png 897w, https:\/\/radiostudiow.com.br\/site\/wp-content\/uploads\/2023\/06\/image-10-300x68.png 300w, https:\/\/radiostudiow.com.br\/site\/wp-content\/uploads\/2023\/06\/image-10-768x175.png 768w\" sizes=\"auto, (max-width: 897px) 100vw, 897px\" \/><\/figure>\n\n\n\n<p>A equipe policial, munida das caracter\u00edsticas informadas pelo solicitante, iniciou o patrulhamento pelo bairro. A cerca de 100 metros do local inicial, avistaram um indiv\u00edduo com as mesmas caracter\u00edsticas adentrando um bar. Os policiais lograram \u00eaxito na abordagem, por\u00e9m, o suspeito n\u00e3o portava nenhum il\u00edcito consigo. Ele foi identificado, apresentando vestes rasgadas, sujas e um corte na regi\u00e3o da cabe\u00e7a.<\/p>\n\n\n\n<p>O suspeito foi conduzido \u00e0 resid\u00eancia do solicitante, onde foi reconhecido como autor do furto. Foi dada voz de pris\u00e3o ao indiv\u00edduo, que teve seus direitos constitucionais lidos. Em seguida, tanto o suspeito quanto o solicitante foram levados ao Pronto Atendimento Municipal para receberem atendimento m\u00e9dico. Durante o atendimento, o preso tentou agredir a equipe de enfermeiros e o m\u00e9dico, sendo contido pela equipe policial com o uso de t\u00e9cnicas de imobiliza\u00e7\u00e3o. O preso ainda resistiu a alguns procedimentos m\u00e9dicos.<\/p>\n\n\n\n<p>Posteriormente, o suspeito foi encaminhado \u00e0 delegacia para as provid\u00eancias cab\u00edveis.<\/p>\n\n\n\n<figure class=\"wp-block-image size-full\"><img decoding=\"async\" src=\"https:\/\/radiostudiow.com.br\/site\/wp-content\/uploads\/2023\/05\/SITE-MEDIO.png\" alt=\"\" class=\"wp-image-12661\"\/><\/figure>\n","protected":false},"excerpt":{"rendered":"<p>Na noite de s\u00e1bado (14), por volta das 19h40min, a pol\u00edcia foi acionada atrav\u00e9s da Central de Opera\u00e7\u00f5es para atender a uma ocorr\u00eancia de furto de uma bicicleta na Vila Amaral, em S\u00e3o Mateus do Sul. De acordo com o boletim de ocorr\u00eancia, o solicitante informou que seu filho e seu colega haviam chegado do [&hellip;]<\/p>\n","protected":false},"author":2,"featured_media":0,"comment_status":"open","ping_status":"open","sticky":false,"template":"","format":"standard","meta":{"footnotes":""},"categories":[2,185],"tags":[172],"class_list":["post-13837","post","type-post","status-publish","format-standard","hentry","category-policial","category-regional","tag-featured"],"amp_enabled":true,"_links":{"self":[{"href":"https:\/\/radiostudiow.com.br\/site\/wp-json\/wp\/v2\/posts\/13837","targetHints":{"allow":["GET"]}}],"collection":[{"href":"https:\/\/radiostudiow.com.br\/site\/wp-json\/wp\/v2\/posts"}],"about":[{"href":"https:\/\/radiostudiow.com.br\/site\/wp-json\/wp\/v2\/types\/post"}],"author":[{"embeddable":true,"href":"https:\/\/radiostudiow.com.br\/site\/wp-json\/wp\/v2\/users\/2"}],"replies":[{"embeddable":true,"href":"https:\/\/radiostudiow.com.br\/site\/wp-json\/wp\/v2\/comments?post=13837"}],"version-history":[{"count":2,"href":"https:\/\/radiostudiow.com.br\/site\/wp-json\/wp\/v2\/posts\/13837\/revisions"}],"predecessor-version":[{"id":13848,"href":"https:\/\/radiostudiow.com.br\/site\/wp-json\/wp\/v2\/posts\/13837\/revisions\/13848"}],"wp:attachment":[{"href":"https:\/\/radiostudiow.com.br\/site\/wp-json\/wp\/v2\/media?parent=13837"}],"wp:term":[{"taxonomy":"category","embeddable":true,"href":"https:\/\/radiostudiow.com.br\/site\/wp-json\/wp\/v2\/categories?post=13837"},{"taxonomy":"post_tag","embeddable":true,"href":"https:\/\/radiostudiow.com.br\/site\/wp-json\/wp\/v2\/tags?post=13837"}],"curies":[{"name":"wp","href":"https:\/\/api.w.org\/{rel}","templated":true}]}}