{"id":13839,"date":"2023-07-18T10:27:10","date_gmt":"2023-07-18T13:27:10","guid":{"rendered":"https:\/\/radiostudiow.com.br\/site\/?p=13839"},"modified":"2025-01-31T15:06:41","modified_gmt":"2025-01-31T18:06:41","slug":"furto-em-residencia-resulta-em-prisao-em-uniao-da-vitoria","status":"publish","type":"post","link":"https:\/\/radiostudiow.com.br\/site\/2023\/07\/18\/furto-em-residencia-resulta-em-prisao-em-uniao-da-vitoria\/","title":{"rendered":"Furto em Resid\u00eancia Resulta em Pris\u00e3o em Uni\u00e3o da Vit\u00f3ria"},"content":{"rendered":"\n<figure class=\"wp-block-image size-full\"><img decoding=\"async\" src=\"https:\/\/radiostudiow.com.br\/site\/wp-content\/uploads\/2022\/06\/vem_ai.jpg\" alt=\"\" class=\"wp-image-7789\"\/><\/figure>\n\n\n\n<p>Na tarde de s\u00e1bado, 15 de julho, um furto em uma resid\u00eancia localizada no bairro Rocio, em Uni\u00e3o da Vit\u00f3ria, resultou na pris\u00e3o de um suspeito conhecido por sua pr\u00e1tica recorrente de furtos na regi\u00e3o. A r\u00e1pida a\u00e7\u00e3o da pol\u00edcia levou \u00e0 captura do indiv\u00edduo logo ap\u00f3s o crime.<\/p>\n\n\n\n<p>Segundo informa\u00e7\u00f5es, a v\u00edtima chegou em casa e se deparou com um indiv\u00edduo furtando objetos do local. A v\u00edtima conseguiu recuperar uma caixa contendo panelas que o autor estava levando, mas percebeu a falta de diversos alimentos. O suspeito, descrito como um homem com mochila verde, conseguiu fugir em dire\u00e7\u00e3o \u00e0 Universidade UGV.<\/p>\n\n\n\n<p>Durante a conversa com a v\u00edtima, esta relatou que estava retornando de bicicleta do mercado quando avistou o indiv\u00edduo a cerca de 300 metros de sua resid\u00eancia. Ela reconheceu a caixa como sendo sua, uma vez que recentemente havia comprado um forno que veio embalado em uma caixa id\u00eantica \u00e0quela que o suspeito carregava. A v\u00edtima abordou o autor e questionou a proced\u00eancia dos objetos da caixa. O suspeito afirmou que a caixa era dele e que vinha do bairro Limeira. No entanto, quando a v\u00edtima afirmou que os itens dentro da caixa eram de sua propriedade, o suspeito jogou a caixa para tr\u00e1s e fugiu correndo.<\/p>\n\n\n\n<figure class=\"wp-block-image size-full\"><img loading=\"lazy\" decoding=\"async\" width=\"897\" height=\"204\" src=\"https:\/\/radiostudiow.com.br\/site\/wp-content\/uploads\/2023\/06\/image-10.png\" alt=\"\" class=\"wp-image-13307\" srcset=\"https:\/\/radiostudiow.com.br\/site\/wp-content\/uploads\/2023\/06\/image-10.png 897w, https:\/\/radiostudiow.com.br\/site\/wp-content\/uploads\/2023\/06\/image-10-300x68.png 300w, https:\/\/radiostudiow.com.br\/site\/wp-content\/uploads\/2023\/06\/image-10-768x175.png 768w\" sizes=\"auto, (max-width: 897px) 100vw, 897px\" \/><\/figure>\n\n\n\n<p>Ao chegar em sua resid\u00eancia, a v\u00edtima constatou que o autor havia arrombado a janela da cozinha utilizando, provavelmente, uma barra de ferro encontrada no ch\u00e3o pr\u00f3ximo \u00e0 parte externa da casa. O suspeito adentrou o local e levou diversos objetos e alimentos, sendo que alguns dos alimentos furtados n\u00e3o estavam dentro da caixa que foi recuperada.<\/p>\n\n\n\n<p>As autoridades policiais iniciaram imediatamente um patrulhamento nas proximidades, quando localizaram um indiv\u00edduo com as caracter\u00edsticas mencionadas pela v\u00edtima. Ap\u00f3s a abordagem, o suspeito foi conduzido at\u00e9 a resid\u00eancia, onde a v\u00edtima confirmou ser ele o autor do furto. Em seguida, foi dada voz de pris\u00e3o ao suspeito, informando-lhe seus direitos constitucionais, inclusive o direito de permanecer em sil\u00eancio.<\/p>\n\n\n\n<p>O autor \u00e9 conhecido pelas equipes policiais devido \u00e0 pr\u00e1tica frequente de furtos, sendo que recentemente foi respons\u00e1vel por uma viola\u00e7\u00e3o de domic\u00edlio, na qual a v\u00edtima relatou que o mesmo havia invadido sua resid\u00eancia em diversas ocasi\u00f5es, furtando diversos objetos. Outros tr\u00eas boletins de ocorr\u00eancia tamb\u00e9m confirmam a constante pr\u00e1tica de furto cometida pelo suspeito ao longo de um ano.<\/p>\n\n\n\n<p>As partes envolvidas foram conduzidas at\u00e9 a 4\u00aa SDP, para os procedimentos cab\u00edveis.<\/p>\n\n\n\n<figure class=\"wp-block-image size-full\"><img decoding=\"async\" src=\"https:\/\/radiostudiow.com.br\/site\/wp-content\/uploads\/2022\/07\/AFUBRE-IRATI.jpg\" alt=\"\" class=\"wp-image-7992\"\/><\/figure>\n","protected":false},"excerpt":{"rendered":"<p>Na tarde de s\u00e1bado, 15 de julho, um furto em uma resid\u00eancia localizada no bairro Rocio, em Uni\u00e3o da Vit\u00f3ria, resultou na pris\u00e3o de um suspeito conhecido por sua pr\u00e1tica recorrente de furtos na regi\u00e3o. A r\u00e1pida a\u00e7\u00e3o da pol\u00edcia levou \u00e0 captura do indiv\u00edduo logo ap\u00f3s o crime. Segundo informa\u00e7\u00f5es, a v\u00edtima chegou em [&hellip;]<\/p>\n","protected":false},"author":2,"featured_media":3220,"comment_status":"open","ping_status":"open","sticky":false,"template":"","format":"standard","meta":{"footnotes":""},"categories":[2,185],"tags":[172],"class_list":["post-13839","post","type-post","status-publish","format-standard","has-post-thumbnail","hentry","category-policial","category-regional","tag-featured"],"amp_enabled":true,"_links":{"self":[{"href":"https:\/\/radiostudiow.com.br\/site\/wp-json\/wp\/v2\/posts\/13839","targetHints":{"allow":["GET"]}}],"collection":[{"href":"https:\/\/radiostudiow.com.br\/site\/wp-json\/wp\/v2\/posts"}],"about":[{"href":"https:\/\/radiostudiow.com.br\/site\/wp-json\/wp\/v2\/types\/post"}],"author":[{"embeddable":true,"href":"https:\/\/radiostudiow.com.br\/site\/wp-json\/wp\/v2\/users\/2"}],"replies":[{"embeddable":true,"href":"https:\/\/radiostudiow.com.br\/site\/wp-json\/wp\/v2\/comments?post=13839"}],"version-history":[{"count":2,"href":"https:\/\/radiostudiow.com.br\/site\/wp-json\/wp\/v2\/posts\/13839\/revisions"}],"predecessor-version":[{"id":13849,"href":"https:\/\/radiostudiow.com.br\/site\/wp-json\/wp\/v2\/posts\/13839\/revisions\/13849"}],"wp:featuredmedia":[{"embeddable":true,"href":"https:\/\/radiostudiow.com.br\/site\/wp-json\/wp\/v2\/media\/3220"}],"wp:attachment":[{"href":"https:\/\/radiostudiow.com.br\/site\/wp-json\/wp\/v2\/media?parent=13839"}],"wp:term":[{"taxonomy":"category","embeddable":true,"href":"https:\/\/radiostudiow.com.br\/site\/wp-json\/wp\/v2\/categories?post=13839"},{"taxonomy":"post_tag","embeddable":true,"href":"https:\/\/radiostudiow.com.br\/site\/wp-json\/wp\/v2\/tags?post=13839"}],"curies":[{"name":"wp","href":"https:\/\/api.w.org\/{rel}","templated":true}]}}