{"id":13850,"date":"2023-07-19T10:05:48","date_gmt":"2023-07-19T13:05:48","guid":{"rendered":"https:\/\/radiostudiow.com.br\/site\/?p=13850"},"modified":"2025-01-31T15:06:40","modified_gmt":"2025-01-31T18:06:40","slug":"caminhao-bate-em-praca-de-pedagio-desativada-na-br-277","status":"publish","type":"post","link":"https:\/\/radiostudiow.com.br\/site\/2023\/07\/19\/caminhao-bate-em-praca-de-pedagio-desativada-na-br-277\/","title":{"rendered":"Caminh\u00e3o bate em pra\u00e7a de ped\u00e1gio desativada na BR-277"},"content":{"rendered":"\n<figure class=\"wp-block-image size-large\"><img decoding=\"async\" src=\"https:\/\/radiostudiow.com.br\/site\/wp-content\/uploads\/2023\/07\/image-34-1024x387.png\" alt=\"\" class=\"wp-image-13860\"\/><\/figure>\n\n\n\n<p>O acidente aconteceu na madrugada desta ter\u00e7a-feira (18), no km 132, em S\u00e3o Luiz do Purun\u00e3. O motorista teve ferimentos leves.<\/p>\n\n\n\n<figure class=\"wp-block-image size-full\"><img loading=\"lazy\" decoding=\"async\" width=\"1000\" height=\"750\" src=\"https:\/\/radiostudiow.com.br\/site\/wp-content\/uploads\/2023\/07\/caminhao.jpg\" alt=\"\" class=\"wp-image-13861\" srcset=\"https:\/\/radiostudiow.com.br\/site\/wp-content\/uploads\/2023\/07\/caminhao.jpg 1000w, https:\/\/radiostudiow.com.br\/site\/wp-content\/uploads\/2023\/07\/caminhao-300x225.jpg 300w, https:\/\/radiostudiow.com.br\/site\/wp-content\/uploads\/2023\/07\/caminhao-768x576.jpg 768w\" sizes=\"auto, (max-width: 1000px) 100vw, 1000px\" \/><\/figure>\n\n\n\n<p>Um caminh\u00e3o atingiu a pra\u00e7a de ped\u00e1gio desativada em S\u00e3o Luiz do Purun\u00e3, em Balsa Nova, na Regi\u00e3o Metropolitana de Curitiba. Segundo a Pol\u00edcia Rodovi\u00e1ria Federal, o acidente aconteceu na madrugada desta ter\u00e7a-feira (18).<\/p>\n\n\n\n<figure class=\"wp-block-image size-full\"><img loading=\"lazy\" decoding=\"async\" width=\"897\" height=\"204\" src=\"https:\/\/radiostudiow.com.br\/site\/wp-content\/uploads\/2023\/06\/image-10.png\" alt=\"\" class=\"wp-image-13307\" srcset=\"https:\/\/radiostudiow.com.br\/site\/wp-content\/uploads\/2023\/06\/image-10.png 897w, https:\/\/radiostudiow.com.br\/site\/wp-content\/uploads\/2023\/06\/image-10-300x68.png 300w, https:\/\/radiostudiow.com.br\/site\/wp-content\/uploads\/2023\/06\/image-10-768x175.png 768w\" sizes=\"auto, (max-width: 897px) 100vw, 897px\" \/><\/figure>\n\n\n\n<p>O caminh\u00e3o seguia sentido Ponta Grossa. O caminhoneiro teve ferimentos leves, segundo a PRF.<\/p>\n\n\n\n<p>Havia neblina na regi\u00e3o no momento do acidente. Duas das tr\u00eas cancelas est\u00e3o interditadas, afirmou a pol\u00edcia.<\/p>\n\n\n\n<figure class=\"wp-block-image size-full\"><img decoding=\"async\" src=\"https:\/\/radiostudiow.com.br\/site\/wp-content\/uploads\/2022\/06\/SICREDI.jpg\" alt=\"\" class=\"wp-image-7695\"\/><\/figure>\n","protected":false},"excerpt":{"rendered":"<p>O acidente aconteceu na madrugada desta ter\u00e7a-feira (18), no km 132, em S\u00e3o Luiz do Purun\u00e3. O motorista teve ferimentos leves. Um caminh\u00e3o atingiu a pra\u00e7a de ped\u00e1gio desativada em S\u00e3o Luiz do Purun\u00e3, em Balsa Nova, na Regi\u00e3o Metropolitana de Curitiba. Segundo a Pol\u00edcia Rodovi\u00e1ria Federal, o acidente aconteceu na madrugada desta ter\u00e7a-feira (18). [&hellip;]<\/p>\n","protected":false},"author":2,"featured_media":13861,"comment_status":"open","ping_status":"open","sticky":false,"template":"","format":"standard","meta":{"footnotes":""},"categories":[185],"tags":[],"class_list":["post-13850","post","type-post","status-publish","format-standard","has-post-thumbnail","hentry","category-regional"],"amp_enabled":true,"_links":{"self":[{"href":"https:\/\/radiostudiow.com.br\/site\/wp-json\/wp\/v2\/posts\/13850","targetHints":{"allow":["GET"]}}],"collection":[{"href":"https:\/\/radiostudiow.com.br\/site\/wp-json\/wp\/v2\/posts"}],"about":[{"href":"https:\/\/radiostudiow.com.br\/site\/wp-json\/wp\/v2\/types\/post"}],"author":[{"embeddable":true,"href":"https:\/\/radiostudiow.com.br\/site\/wp-json\/wp\/v2\/users\/2"}],"replies":[{"embeddable":true,"href":"https:\/\/radiostudiow.com.br\/site\/wp-json\/wp\/v2\/comments?post=13850"}],"version-history":[{"count":3,"href":"https:\/\/radiostudiow.com.br\/site\/wp-json\/wp\/v2\/posts\/13850\/revisions"}],"predecessor-version":[{"id":13863,"href":"https:\/\/radiostudiow.com.br\/site\/wp-json\/wp\/v2\/posts\/13850\/revisions\/13863"}],"wp:featuredmedia":[{"embeddable":true,"href":"https:\/\/radiostudiow.com.br\/site\/wp-json\/wp\/v2\/media\/13861"}],"wp:attachment":[{"href":"https:\/\/radiostudiow.com.br\/site\/wp-json\/wp\/v2\/media?parent=13850"}],"wp:term":[{"taxonomy":"category","embeddable":true,"href":"https:\/\/radiostudiow.com.br\/site\/wp-json\/wp\/v2\/categories?post=13850"},{"taxonomy":"post_tag","embeddable":true,"href":"https:\/\/radiostudiow.com.br\/site\/wp-json\/wp\/v2\/tags?post=13850"}],"curies":[{"name":"wp","href":"https:\/\/api.w.org\/{rel}","templated":true}]}}