{"id":13852,"date":"2023-07-19T10:27:56","date_gmt":"2023-07-19T13:27:56","guid":{"rendered":"https:\/\/radiostudiow.com.br\/site\/?p=13852"},"modified":"2025-01-31T15:06:40","modified_gmt":"2025-01-31T18:06:40","slug":"em-caso-raro-bebe-nasce-com-dois-dentinhos-em-sao-mateus-do-sul","status":"publish","type":"post","link":"https:\/\/radiostudiow.com.br\/site\/2023\/07\/19\/em-caso-raro-bebe-nasce-com-dois-dentinhos-em-sao-mateus-do-sul\/","title":{"rendered":"Em caso raro, beb\u00ea nasce com dois dentinhos em S\u00e3o Mateus do Sul"},"content":{"rendered":"\n<figure class=\"wp-block-image size-full\"><img decoding=\"async\" src=\"https:\/\/radiostudiow.com.br\/site\/wp-content\/uploads\/2022\/06\/NUTRI-MALLET.jpg\" alt=\"\" class=\"wp-image-7772\"\/><\/figure>\n\n\n\n<p>Em caso raro, beb\u00ea nasce com dois dentinhos em S\u00e3o Mateus do Sul<\/p>\n\n\n\n<figure class=\"wp-block-image size-full\"><img decoding=\"async\" src=\"https:\/\/radiostudiow.com.br\/site\/wp-content\/uploads\/2023\/07\/Imagem-do-WhatsApp-de-2023-07-18-as-18.47.34.jpg\" alt=\"\" class=\"wp-image-13864\"\/><\/figure>\n\n\n\n<p>Essa \u00e9 uma hist\u00f3ria que ficar\u00e1 marcada para sempre na vida da pequena Agatha Soares, que nasceu com dois dentinhos no Hospital e Maternidade Doutor Paulo Fortes em mar\u00e7o deste ano. O caso \u00e9 considerado raro entre os m\u00e9dicos, no qual, segundo especialistas, a estimativa \u00e9 de um caso a cada dois mil nascimentos.<\/p>\n\n\n\n<p>\u201cFiquei chocada, porque assim que vi j\u00e1 sabia que eram dentinhos. Nunca achei que fosse acontecer com um dos meus filhos\u201d, disse a m\u00e3e Rafaela Soares, que soube recentemente que beb\u00eas nascerem com dentinhos \u00e9 algo incomum. Geralmente os dentes come\u00e7am a nascer ap\u00f3s os seis meses.<\/p>\n\n\n\n<figure class=\"wp-block-image size-full\"><img loading=\"lazy\" decoding=\"async\" width=\"897\" height=\"204\" src=\"https:\/\/radiostudiow.com.br\/site\/wp-content\/uploads\/2023\/06\/image-10.png\" alt=\"\" class=\"wp-image-13307\" srcset=\"https:\/\/radiostudiow.com.br\/site\/wp-content\/uploads\/2023\/06\/image-10.png 897w, https:\/\/radiostudiow.com.br\/site\/wp-content\/uploads\/2023\/06\/image-10-300x68.png 300w, https:\/\/radiostudiow.com.br\/site\/wp-content\/uploads\/2023\/06\/image-10-768x175.png 768w\" sizes=\"auto, (max-width: 897px) 100vw, 897px\" \/><\/figure>\n\n\n\n<figure class=\"wp-block-image size-full\"><img decoding=\"async\" src=\"https:\/\/radiostudiow.com.br\/site\/wp-content\/uploads\/2023\/07\/Imagem-do-WhatsApp-de-2023-07-18-as-18.47.48.jpg\" alt=\"\" class=\"wp-image-13865\"\/><\/figure>\n\n\n\n<p>Agatha e a fam\u00edlia residem no Lageado, interior de S\u00e3o Mateus do Sul. A pequena nasceu no dia 23 de mar\u00e7o de 2023, com 2,685 kg, 46 cm e dois dentinhos. A m\u00e3e disse que segue acompanhando o desenvolvimento da filha com pediatras e que ela ainda continua com os dois dentinhos, que viraram sua \u2018marca registrada\u2019.<\/p>\n\n\n\n<figure class=\"wp-block-image size-full\"><img decoding=\"async\" src=\"https:\/\/radiostudiow.com.br\/site\/wp-content\/uploads\/2022\/07\/WRNET.jpg\" alt=\"\" class=\"wp-image-8313\"\/><\/figure>\n\n\n\n<figure class=\"wp-block-image size-full\"><img loading=\"lazy\" decoding=\"async\" width=\"768\" height=\"1024\" src=\"https:\/\/radiostudiow.com.br\/site\/wp-content\/uploads\/2023\/07\/Imagem-do-WhatsApp-de-2023-07-18-as-18.47.59.jpg\" alt=\"\" class=\"wp-image-13866\" srcset=\"https:\/\/radiostudiow.com.br\/site\/wp-content\/uploads\/2023\/07\/Imagem-do-WhatsApp-de-2023-07-18-as-18.47.59.jpg 768w, https:\/\/radiostudiow.com.br\/site\/wp-content\/uploads\/2023\/07\/Imagem-do-WhatsApp-de-2023-07-18-as-18.47.59-225x300.jpg 225w\" sizes=\"auto, (max-width: 768px) 100vw, 768px\" \/><\/figure>\n","protected":false},"excerpt":{"rendered":"<p>Em caso raro, beb\u00ea nasce com dois dentinhos em S\u00e3o Mateus do Sul Essa \u00e9 uma hist\u00f3ria que ficar\u00e1 marcada para sempre na vida da pequena Agatha Soares, que nasceu com dois dentinhos no Hospital e Maternidade Doutor Paulo Fortes em mar\u00e7o deste ano. O caso \u00e9 considerado raro entre os m\u00e9dicos, no qual, segundo [&hellip;]<\/p>\n","protected":false},"author":2,"featured_media":13866,"comment_status":"open","ping_status":"open","sticky":false,"template":"","format":"standard","meta":{"footnotes":""},"categories":[185],"tags":[172],"class_list":["post-13852","post","type-post","status-publish","format-standard","has-post-thumbnail","hentry","category-regional","tag-featured"],"amp_enabled":true,"_links":{"self":[{"href":"https:\/\/radiostudiow.com.br\/site\/wp-json\/wp\/v2\/posts\/13852","targetHints":{"allow":["GET"]}}],"collection":[{"href":"https:\/\/radiostudiow.com.br\/site\/wp-json\/wp\/v2\/posts"}],"about":[{"href":"https:\/\/radiostudiow.com.br\/site\/wp-json\/wp\/v2\/types\/post"}],"author":[{"embeddable":true,"href":"https:\/\/radiostudiow.com.br\/site\/wp-json\/wp\/v2\/users\/2"}],"replies":[{"embeddable":true,"href":"https:\/\/radiostudiow.com.br\/site\/wp-json\/wp\/v2\/comments?post=13852"}],"version-history":[{"count":2,"href":"https:\/\/radiostudiow.com.br\/site\/wp-json\/wp\/v2\/posts\/13852\/revisions"}],"predecessor-version":[{"id":13867,"href":"https:\/\/radiostudiow.com.br\/site\/wp-json\/wp\/v2\/posts\/13852\/revisions\/13867"}],"wp:featuredmedia":[{"embeddable":true,"href":"https:\/\/radiostudiow.com.br\/site\/wp-json\/wp\/v2\/media\/13866"}],"wp:attachment":[{"href":"https:\/\/radiostudiow.com.br\/site\/wp-json\/wp\/v2\/media?parent=13852"}],"wp:term":[{"taxonomy":"category","embeddable":true,"href":"https:\/\/radiostudiow.com.br\/site\/wp-json\/wp\/v2\/categories?post=13852"},{"taxonomy":"post_tag","embeddable":true,"href":"https:\/\/radiostudiow.com.br\/site\/wp-json\/wp\/v2\/tags?post=13852"}],"curies":[{"name":"wp","href":"https:\/\/api.w.org\/{rel}","templated":true}]}}