{"id":13858,"date":"2023-07-19T10:37:39","date_gmt":"2023-07-19T13:37:39","guid":{"rendered":"https:\/\/radiostudiow.com.br\/site\/?p=13858"},"modified":"2025-01-31T15:06:40","modified_gmt":"2025-01-31T18:06:40","slug":"mulher-e-agredida-ao-procurar-pelo-filho-no-bairro-eldorado-em-mallet","status":"publish","type":"post","link":"https:\/\/radiostudiow.com.br\/site\/2023\/07\/19\/mulher-e-agredida-ao-procurar-pelo-filho-no-bairro-eldorado-em-mallet\/","title":{"rendered":"Mulher \u00e9 agredida ao procurar pelo filho no Bairro Eldorado, em Mallet"},"content":{"rendered":"\n<figure class=\"wp-block-image size-full\"><img decoding=\"async\" src=\"https:\/\/radiostudiow.com.br\/site\/wp-content\/uploads\/2022\/03\/SICREDI.jpg\" alt=\"\" class=\"wp-image-6409\"\/><\/figure>\n\n\n\n<p>Na noite desta segunda-feira, por volta das 21h15min, uma mulher compareceu ao Pelot\u00e3o da Pol\u00edcia Militar de Mallet, para relatar um epis\u00f3dio de agress\u00e3o f\u00edsica. A v\u00edtima afirmou que foi procurar seu filho em uma resid\u00eancia desconhecida no Bairro Eldorado quando foi surpreendida por uma pessoa que a agrediu de forma violenta.<\/p>\n\n\n\n<p>Segundo a v\u00edtima, ao chegar em frente \u00e0 casa em quest\u00e3o e chamar por seu filho, a solicitante foi abordada por uma mulher, que saiu da resid\u00eancia e a repreendeu por estar gritando em frente ao port\u00e3o. Sem motivo aparente, a agressora demonstrou um comportamento transtornado, passando a agredir fisicamente a v\u00edtima com tapas, chutes e pux\u00f5es de cabelo, chegando a derrub\u00e1-la ao solo.<\/p>\n\n\n\n<figure class=\"wp-block-image size-full\"><img loading=\"lazy\" decoding=\"async\" width=\"897\" height=\"204\" src=\"https:\/\/radiostudiow.com.br\/site\/wp-content\/uploads\/2023\/06\/image-10.png\" alt=\"\" class=\"wp-image-13307\" srcset=\"https:\/\/radiostudiow.com.br\/site\/wp-content\/uploads\/2023\/06\/image-10.png 897w, https:\/\/radiostudiow.com.br\/site\/wp-content\/uploads\/2023\/06\/image-10-300x68.png 300w, https:\/\/radiostudiow.com.br\/site\/wp-content\/uploads\/2023\/06\/image-10-768x175.png 768w\" sizes=\"auto, (max-width: 897px) 100vw, 897px\" \/><\/figure>\n\n\n\n<p>O epis\u00f3dio de viol\u00eancia s\u00f3 cessou quando uma terceira pessoa chegou ao local e interveio, retirando a agressora de cima da solicitante. Questionada sobre os motivos das agress\u00f5es, a v\u00edtima afirmou n\u00e3o ter qualquer tipo de desaven\u00e7a pr\u00e9via com aquela fam\u00edlia e n\u00e3o soube explicar o que teria desencadeado a brutalidade da agressora.<\/p>\n\n\n\n<p>Diante da gravidade da situa\u00e7\u00e3o, a mulher procurou imediatamente o Pelot\u00e3o da Pol\u00edcia Militar para registrar a ocorr\u00eancia. No local, ela foi orientada sobre os procedimentos cab\u00edveis relacionados ao caso.<\/p>\n\n\n\n<figure class=\"wp-block-image size-full\"><img decoding=\"async\" src=\"https:\/\/radiostudiow.com.br\/site\/wp-content\/uploads\/2022\/06\/vem_ai.jpg\" alt=\"\" class=\"wp-image-7789\"\/><\/figure>\n","protected":false},"excerpt":{"rendered":"<p>Na noite desta segunda-feira, por volta das 21h15min, uma mulher compareceu ao Pelot\u00e3o da Pol\u00edcia Militar de Mallet, para relatar um epis\u00f3dio de agress\u00e3o f\u00edsica. A v\u00edtima afirmou que foi procurar seu filho em uma resid\u00eancia desconhecida no Bairro Eldorado quando foi surpreendida por uma pessoa que a agrediu de forma violenta. Segundo a v\u00edtima, [&hellip;]<\/p>\n","protected":false},"author":2,"featured_media":10642,"comment_status":"open","ping_status":"open","sticky":false,"template":"","format":"standard","meta":{"footnotes":""},"categories":[2,185],"tags":[172],"class_list":["post-13858","post","type-post","status-publish","format-standard","has-post-thumbnail","hentry","category-policial","category-regional","tag-featured"],"amp_enabled":true,"_links":{"self":[{"href":"https:\/\/radiostudiow.com.br\/site\/wp-json\/wp\/v2\/posts\/13858","targetHints":{"allow":["GET"]}}],"collection":[{"href":"https:\/\/radiostudiow.com.br\/site\/wp-json\/wp\/v2\/posts"}],"about":[{"href":"https:\/\/radiostudiow.com.br\/site\/wp-json\/wp\/v2\/types\/post"}],"author":[{"embeddable":true,"href":"https:\/\/radiostudiow.com.br\/site\/wp-json\/wp\/v2\/users\/2"}],"replies":[{"embeddable":true,"href":"https:\/\/radiostudiow.com.br\/site\/wp-json\/wp\/v2\/comments?post=13858"}],"version-history":[{"count":2,"href":"https:\/\/radiostudiow.com.br\/site\/wp-json\/wp\/v2\/posts\/13858\/revisions"}],"predecessor-version":[{"id":13873,"href":"https:\/\/radiostudiow.com.br\/site\/wp-json\/wp\/v2\/posts\/13858\/revisions\/13873"}],"wp:featuredmedia":[{"embeddable":true,"href":"https:\/\/radiostudiow.com.br\/site\/wp-json\/wp\/v2\/media\/10642"}],"wp:attachment":[{"href":"https:\/\/radiostudiow.com.br\/site\/wp-json\/wp\/v2\/media?parent=13858"}],"wp:term":[{"taxonomy":"category","embeddable":true,"href":"https:\/\/radiostudiow.com.br\/site\/wp-json\/wp\/v2\/categories?post=13858"},{"taxonomy":"post_tag","embeddable":true,"href":"https:\/\/radiostudiow.com.br\/site\/wp-json\/wp\/v2\/tags?post=13858"}],"curies":[{"name":"wp","href":"https:\/\/api.w.org\/{rel}","templated":true}]}}