{"id":13876,"date":"2023-07-20T09:12:25","date_gmt":"2023-07-20T12:12:25","guid":{"rendered":"https:\/\/radiostudiow.com.br\/site\/?p=13876"},"modified":"2025-01-31T15:06:40","modified_gmt":"2025-01-31T18:06:40","slug":"homem-fica-ferido-apos-colidir-carro-contra-poste-na-avenida-perimetral-em-porto-uniao","status":"publish","type":"post","link":"https:\/\/radiostudiow.com.br\/site\/2023\/07\/20\/homem-fica-ferido-apos-colidir-carro-contra-poste-na-avenida-perimetral-em-porto-uniao\/","title":{"rendered":"Homem fica ferido ap\u00f3s colidir carro contra poste na Avenida Perimetral em Porto Uni\u00e3o"},"content":{"rendered":"\n<figure class=\"wp-block-image size-large\"><img decoding=\"async\" src=\"https:\/\/radiostudiow.com.br\/site\/wp-content\/uploads\/2023\/07\/image-34-1024x387.png\" alt=\"\" class=\"wp-image-13860\"\/><\/figure>\n\n\n\n<p>Um homem ficou ferido ap\u00f3s colidir o carro que conduzia contra um poste na Avenida Perimetral, no sentido para o 5\u00ba Batalh\u00e3o de Engenharia de Combate Blindado. O acidente aconteceu na manh\u00e3 desta quarta-feira, 19.<\/p>\n\n\n\n<figure class=\"wp-block-image size-large\"><img decoding=\"async\" src=\"https:\/\/radiostudiow.com.br\/site\/wp-content\/uploads\/2023\/07\/Imagem-do-WhatsApp-de-2023-07-19-as-19.27.15-1024x576.jpg\" alt=\"\" class=\"wp-image-13877\"\/><\/figure>\n\n\n\n<p>O Corpo de Bombeiros foi acionado para prestar atendimento \u00e0 v\u00edtima, que foi conduzida consciente e orientada para o Hospital S\u00e3o Braz.<\/p>\n\n\n\n<figure class=\"wp-block-image size-full\"><img loading=\"lazy\" decoding=\"async\" width=\"897\" height=\"204\" src=\"https:\/\/radiostudiow.com.br\/site\/wp-content\/uploads\/2023\/06\/image-10.png\" alt=\"\" class=\"wp-image-13307\" srcset=\"https:\/\/radiostudiow.com.br\/site\/wp-content\/uploads\/2023\/06\/image-10.png 897w, https:\/\/radiostudiow.com.br\/site\/wp-content\/uploads\/2023\/06\/image-10-300x68.png 300w, https:\/\/radiostudiow.com.br\/site\/wp-content\/uploads\/2023\/06\/image-10-768x175.png 768w\" sizes=\"auto, (max-width: 897px) 100vw, 897px\" \/><\/figure>\n\n\n\n<p>Com a for\u00e7a do impacto o carro tombou na pista e o poste acabou saindo do lugar, derrubando tamb\u00e9m fios de energia e internet.<\/p>\n\n\n\n<figure class=\"wp-block-image size-full\"><img loading=\"lazy\" decoding=\"async\" width=\"720\" height=\"405\" src=\"https:\/\/radiostudiow.com.br\/site\/wp-content\/uploads\/2023\/07\/Imagem-do-WhatsApp-de-2023-07-19-as-19.27.25.jpg\" alt=\"\" class=\"wp-image-13878\" srcset=\"https:\/\/radiostudiow.com.br\/site\/wp-content\/uploads\/2023\/07\/Imagem-do-WhatsApp-de-2023-07-19-as-19.27.25.jpg 720w, https:\/\/radiostudiow.com.br\/site\/wp-content\/uploads\/2023\/07\/Imagem-do-WhatsApp-de-2023-07-19-as-19.27.25-300x169.jpg 300w\" sizes=\"auto, (max-width: 720px) 100vw, 720px\" \/><\/figure>\n\n\n\n<figure class=\"wp-block-image size-full\"><img decoding=\"async\" src=\"https:\/\/radiostudiow.com.br\/site\/wp-content\/uploads\/2022\/06\/NUTRI-MALLET.jpg\" alt=\"\" class=\"wp-image-7772\"\/><\/figure>\n","protected":false},"excerpt":{"rendered":"<p>Um homem ficou ferido ap\u00f3s colidir o carro que conduzia contra um poste na Avenida Perimetral, no sentido para o 5\u00ba Batalh\u00e3o de Engenharia de Combate Blindado. O acidente aconteceu na manh\u00e3 desta quarta-feira, 19. O Corpo de Bombeiros foi acionado para prestar atendimento \u00e0 v\u00edtima, que foi conduzida consciente e orientada para o Hospital [&hellip;]<\/p>\n","protected":false},"author":2,"featured_media":0,"comment_status":"open","ping_status":"open","sticky":false,"template":"","format":"standard","meta":{"footnotes":""},"categories":[185],"tags":[172],"class_list":["post-13876","post","type-post","status-publish","format-standard","hentry","category-regional","tag-featured"],"amp_enabled":true,"_links":{"self":[{"href":"https:\/\/radiostudiow.com.br\/site\/wp-json\/wp\/v2\/posts\/13876","targetHints":{"allow":["GET"]}}],"collection":[{"href":"https:\/\/radiostudiow.com.br\/site\/wp-json\/wp\/v2\/posts"}],"about":[{"href":"https:\/\/radiostudiow.com.br\/site\/wp-json\/wp\/v2\/types\/post"}],"author":[{"embeddable":true,"href":"https:\/\/radiostudiow.com.br\/site\/wp-json\/wp\/v2\/users\/2"}],"replies":[{"embeddable":true,"href":"https:\/\/radiostudiow.com.br\/site\/wp-json\/wp\/v2\/comments?post=13876"}],"version-history":[{"count":1,"href":"https:\/\/radiostudiow.com.br\/site\/wp-json\/wp\/v2\/posts\/13876\/revisions"}],"predecessor-version":[{"id":13879,"href":"https:\/\/radiostudiow.com.br\/site\/wp-json\/wp\/v2\/posts\/13876\/revisions\/13879"}],"wp:attachment":[{"href":"https:\/\/radiostudiow.com.br\/site\/wp-json\/wp\/v2\/media?parent=13876"}],"wp:term":[{"taxonomy":"category","embeddable":true,"href":"https:\/\/radiostudiow.com.br\/site\/wp-json\/wp\/v2\/categories?post=13876"},{"taxonomy":"post_tag","embeddable":true,"href":"https:\/\/radiostudiow.com.br\/site\/wp-json\/wp\/v2\/tags?post=13876"}],"curies":[{"name":"wp","href":"https:\/\/api.w.org\/{rel}","templated":true}]}}