{"id":13880,"date":"2023-07-20T09:35:15","date_gmt":"2023-07-20T12:35:15","guid":{"rendered":"https:\/\/radiostudiow.com.br\/site\/?p=13880"},"modified":"2025-01-31T15:06:40","modified_gmt":"2025-01-31T18:06:40","slug":"policia-civil-de-reboucas-prende-homem-suspeito-de-estupro-em-rio-azul","status":"publish","type":"post","link":"https:\/\/radiostudiow.com.br\/site\/2023\/07\/20\/policia-civil-de-reboucas-prende-homem-suspeito-de-estupro-em-rio-azul\/","title":{"rendered":"Pol\u00edcia Civil de Rebou\u00e7as prende homem suspeito de estupro em Rio Azul"},"content":{"rendered":"\n<figure class=\"wp-block-image size-full\"><img decoding=\"async\" src=\"https:\/\/radiostudiow.com.br\/site\/wp-content\/uploads\/2022\/06\/vem_ai.jpg\" alt=\"\" class=\"wp-image-7789\"\/><\/figure>\n\n\n\n<p>A Pol\u00edcia Civil do Paran\u00e1, por interm\u00e9dio da Delegacia de Pol\u00edcia de Rebou\u00e7as, prendeu, na manh\u00e3 da \u00faltima segunda-feira (17\/07\/2023), homem suspeito de estupro praticado contra adolescente.<\/p>\n\n\n\n<p>O preso \u00e9 suspeito de ter violentado a v\u00edtima em um \u00f4nibus do qual era motorista.<\/p>\n\n\n\n<p>A situa\u00e7\u00e3o chegou \u00e0 Pol\u00edcia Civil, por meio de encaminhamento do Conselho Tutelar, ap\u00f3s receber a ata escolar lavrada por profissionais de educa\u00e7\u00e3o da escola em que a v\u00edtima estuda, na qual se registrou o atendimento prestado \u00e0 v\u00edtima, em que ela contou a viol\u00eancia sofrida.<\/p>\n\n\n\n<p>T\u00e3o logo recebida a informa\u00e7\u00e3o e a documenta\u00e7\u00e3o a ela concernente, o Delegado de Pol\u00edcia titular da Delegacia de Rebou\u00e7as instaurou Inqu\u00e9rito Policial para apura\u00e7\u00e3o dos fatos.<\/p>\n\n\n\n<figure class=\"wp-block-image size-full\"><img loading=\"lazy\" decoding=\"async\" width=\"897\" height=\"204\" src=\"https:\/\/radiostudiow.com.br\/site\/wp-content\/uploads\/2023\/06\/image-10.png\" alt=\"\" class=\"wp-image-13307\" srcset=\"https:\/\/radiostudiow.com.br\/site\/wp-content\/uploads\/2023\/06\/image-10.png 897w, https:\/\/radiostudiow.com.br\/site\/wp-content\/uploads\/2023\/06\/image-10-300x68.png 300w, https:\/\/radiostudiow.com.br\/site\/wp-content\/uploads\/2023\/06\/image-10-768x175.png 768w\" sizes=\"auto, (max-width: 897px) 100vw, 897px\" \/><\/figure>\n\n\n\n<p>Diante do detalhamento dos relatos constantes da ata escolar e sua compatibilidade com o hor\u00e1rio de escala do motorista, al\u00e9m de outros elementos de informa\u00e7\u00e3o existentes nos autos, protegidos por sigilo, em raz\u00e3o da natureza do delito,&nbsp; a Autoridade Policial representou pela pris\u00e3o preventiva do suspeito.<\/p>\n\n\n\n<p>Ap\u00f3s manifesta\u00e7\u00e3o favor\u00e1vel do Minist\u00e9rio P\u00fablico, foi decretada a pris\u00e3o cautelar do indiv\u00edduo, expedido o respectivo mandado de pris\u00e3o, nesta data foi dado fiel cumprimento por parte dos policiais civis da Delegacia de Rebou\u00e7as.<\/p>\n\n\n\n<p>Informa\u00e7\u00f5es e imagem: Pol\u00edcia Civil de Rebou\u00e7as<\/p>\n\n\n\n<figure class=\"wp-block-image size-full\"><img decoding=\"async\" src=\"https:\/\/radiostudiow.com.br\/site\/wp-content\/uploads\/2022\/07\/WRNET.jpg\" alt=\"\" class=\"wp-image-8313\"\/><\/figure>\n","protected":false},"excerpt":{"rendered":"<p>A Pol\u00edcia Civil do Paran\u00e1, por interm\u00e9dio da Delegacia de Pol\u00edcia de Rebou\u00e7as, prendeu, na manh\u00e3 da \u00faltima segunda-feira (17\/07\/2023), homem suspeito de estupro praticado contra adolescente. O preso \u00e9 suspeito de ter violentado a v\u00edtima em um \u00f4nibus do qual era motorista. A situa\u00e7\u00e3o chegou \u00e0 Pol\u00edcia Civil, por meio de encaminhamento do Conselho [&hellip;]<\/p>\n","protected":false},"author":2,"featured_media":13881,"comment_status":"open","ping_status":"open","sticky":false,"template":"","format":"standard","meta":{"footnotes":""},"categories":[2,185],"tags":[172],"class_list":["post-13880","post","type-post","status-publish","format-standard","has-post-thumbnail","hentry","category-policial","category-regional","tag-featured"],"amp_enabled":true,"_links":{"self":[{"href":"https:\/\/radiostudiow.com.br\/site\/wp-json\/wp\/v2\/posts\/13880","targetHints":{"allow":["GET"]}}],"collection":[{"href":"https:\/\/radiostudiow.com.br\/site\/wp-json\/wp\/v2\/posts"}],"about":[{"href":"https:\/\/radiostudiow.com.br\/site\/wp-json\/wp\/v2\/types\/post"}],"author":[{"embeddable":true,"href":"https:\/\/radiostudiow.com.br\/site\/wp-json\/wp\/v2\/users\/2"}],"replies":[{"embeddable":true,"href":"https:\/\/radiostudiow.com.br\/site\/wp-json\/wp\/v2\/comments?post=13880"}],"version-history":[{"count":2,"href":"https:\/\/radiostudiow.com.br\/site\/wp-json\/wp\/v2\/posts\/13880\/revisions"}],"predecessor-version":[{"id":13883,"href":"https:\/\/radiostudiow.com.br\/site\/wp-json\/wp\/v2\/posts\/13880\/revisions\/13883"}],"wp:featuredmedia":[{"embeddable":true,"href":"https:\/\/radiostudiow.com.br\/site\/wp-json\/wp\/v2\/media\/13881"}],"wp:attachment":[{"href":"https:\/\/radiostudiow.com.br\/site\/wp-json\/wp\/v2\/media?parent=13880"}],"wp:term":[{"taxonomy":"category","embeddable":true,"href":"https:\/\/radiostudiow.com.br\/site\/wp-json\/wp\/v2\/categories?post=13880"},{"taxonomy":"post_tag","embeddable":true,"href":"https:\/\/radiostudiow.com.br\/site\/wp-json\/wp\/v2\/tags?post=13880"}],"curies":[{"name":"wp","href":"https:\/\/api.w.org\/{rel}","templated":true}]}}