{"id":13884,"date":"2023-07-20T11:16:53","date_gmt":"2023-07-20T14:16:53","guid":{"rendered":"https:\/\/radiostudiow.com.br\/site\/?p=13884"},"modified":"2025-01-31T15:06:40","modified_gmt":"2025-01-31T18:06:40","slug":"policia-militar-de-mallet-prende-dois-individuos-por-trafico-de-drogas-no-centro-da-cidade","status":"publish","type":"post","link":"https:\/\/radiostudiow.com.br\/site\/2023\/07\/20\/policia-militar-de-mallet-prende-dois-individuos-por-trafico-de-drogas-no-centro-da-cidade\/","title":{"rendered":"Pol\u00edcia Militar de Mallet prende dois indiv\u00edduos por tr\u00e1fico de drogas no centro da cidade"},"content":{"rendered":"\n<figure class=\"wp-block-image size-full\"><img decoding=\"async\" src=\"https:\/\/radiostudiow.com.br\/site\/wp-content\/uploads\/2022\/06\/SICREDI.jpg\" alt=\"\" class=\"wp-image-7695\"\/><\/figure>\n\n\n\n<p>No in\u00edcio da tarde de ter\u00e7a-feira (18), por volta das 16h32min, a equipe policial realizava um patrulhamento de rotina na Avenida Bar\u00e3o do Rio Branco na cidade de Mallet, quando avistou dois indiv\u00edduos em atitude suspeita, que chamaram a aten\u00e7\u00e3o dos agentes. Segundo informa\u00e7\u00f5es contidas no boletim de ocorr\u00eancia, um dos indiv\u00edduos estava entregando algo ao outro, o que motivou a equipe a realizar uma abordagem imediata.<\/p>\n\n\n\n<p>Ap\u00f3s a voz de abordagem, os suspeitos foram identificados e submetidos \u00e0 revista pessoal. Durante a busca, foram encontradas subst\u00e2ncias an\u00e1logas \u00e0 maconha com ambos os indiv\u00edduos. Com um dos abordados, foi localizada uma pequena por\u00e7\u00e3o da subst\u00e2ncia, pesando aproximadamente 2,1 gramas. J\u00e1 com o segundo indiv\u00edduo, os policiais encontraram um tablete de maconha, pesando cerca de 183,6 gramas, que estava guardado em sua bolsa de cor azul, junto a uma balan\u00e7a de precis\u00e3o.<\/p>\n\n\n\n<figure class=\"wp-block-image size-full\"><img loading=\"lazy\" decoding=\"async\" width=\"897\" height=\"204\" src=\"https:\/\/radiostudiow.com.br\/site\/wp-content\/uploads\/2023\/06\/image-10.png\" alt=\"\" class=\"wp-image-13307\" srcset=\"https:\/\/radiostudiow.com.br\/site\/wp-content\/uploads\/2023\/06\/image-10.png 897w, https:\/\/radiostudiow.com.br\/site\/wp-content\/uploads\/2023\/06\/image-10-300x68.png 300w, https:\/\/radiostudiow.com.br\/site\/wp-content\/uploads\/2023\/06\/image-10-768x175.png 768w\" sizes=\"auto, (max-width: 897px) 100vw, 897px\" \/><\/figure>\n\n\n\n<p>Diante das evid\u00eancias, os suspeitos foram imediatamente detidos e receberam voz de pris\u00e3o pelos crimes de adquirir, vender, fornecer e produzir drogas. Ambos foram encaminhados \u00e0 10\u00aa DRP para os procedimentos cab\u00edveis.<\/p>\n\n\n\n<figure class=\"wp-block-image size-full\"><img decoding=\"async\" src=\"https:\/\/radiostudiow.com.br\/site\/wp-content\/uploads\/2022\/07\/CAFE.jpg\" alt=\"\" class=\"wp-image-8288\"\/><\/figure>\n","protected":false},"excerpt":{"rendered":"<p>No in\u00edcio da tarde de ter\u00e7a-feira (18), por volta das 16h32min, a equipe policial realizava um patrulhamento de rotina na Avenida Bar\u00e3o do Rio Branco na cidade de Mallet, quando avistou dois indiv\u00edduos em atitude suspeita, que chamaram a aten\u00e7\u00e3o dos agentes. Segundo informa\u00e7\u00f5es contidas no boletim de ocorr\u00eancia, um dos indiv\u00edduos estava entregando algo [&hellip;]<\/p>\n","protected":false},"author":2,"featured_media":10671,"comment_status":"open","ping_status":"open","sticky":false,"template":"","format":"standard","meta":{"footnotes":""},"categories":[184,2],"tags":[172],"class_list":["post-13884","post","type-post","status-publish","format-standard","has-post-thumbnail","hentry","category-local","category-policial","tag-featured"],"amp_enabled":true,"_links":{"self":[{"href":"https:\/\/radiostudiow.com.br\/site\/wp-json\/wp\/v2\/posts\/13884","targetHints":{"allow":["GET"]}}],"collection":[{"href":"https:\/\/radiostudiow.com.br\/site\/wp-json\/wp\/v2\/posts"}],"about":[{"href":"https:\/\/radiostudiow.com.br\/site\/wp-json\/wp\/v2\/types\/post"}],"author":[{"embeddable":true,"href":"https:\/\/radiostudiow.com.br\/site\/wp-json\/wp\/v2\/users\/2"}],"replies":[{"embeddable":true,"href":"https:\/\/radiostudiow.com.br\/site\/wp-json\/wp\/v2\/comments?post=13884"}],"version-history":[{"count":1,"href":"https:\/\/radiostudiow.com.br\/site\/wp-json\/wp\/v2\/posts\/13884\/revisions"}],"predecessor-version":[{"id":13885,"href":"https:\/\/radiostudiow.com.br\/site\/wp-json\/wp\/v2\/posts\/13884\/revisions\/13885"}],"wp:featuredmedia":[{"embeddable":true,"href":"https:\/\/radiostudiow.com.br\/site\/wp-json\/wp\/v2\/media\/10671"}],"wp:attachment":[{"href":"https:\/\/radiostudiow.com.br\/site\/wp-json\/wp\/v2\/media?parent=13884"}],"wp:term":[{"taxonomy":"category","embeddable":true,"href":"https:\/\/radiostudiow.com.br\/site\/wp-json\/wp\/v2\/categories?post=13884"},{"taxonomy":"post_tag","embeddable":true,"href":"https:\/\/radiostudiow.com.br\/site\/wp-json\/wp\/v2\/tags?post=13884"}],"curies":[{"name":"wp","href":"https:\/\/api.w.org\/{rel}","templated":true}]}}