{"id":13886,"date":"2023-07-20T14:02:09","date_gmt":"2023-07-20T17:02:09","guid":{"rendered":"https:\/\/radiostudiow.com.br\/site\/?p=13886"},"modified":"2025-01-31T15:06:40","modified_gmt":"2025-01-31T18:06:40","slug":"roubo-termina-com-a-prisao-de-suspeita-e-recuperacao-de-celular-em-uniao-da-vitoria","status":"publish","type":"post","link":"https:\/\/radiostudiow.com.br\/site\/2023\/07\/20\/roubo-termina-com-a-prisao-de-suspeita-e-recuperacao-de-celular-em-uniao-da-vitoria\/","title":{"rendered":"Roubo termina com a pris\u00e3o de suspeita e recupera\u00e7\u00e3o de celular em Uni\u00e3o da Vit\u00f3ria"},"content":{"rendered":"\n<figure class=\"wp-block-image size-full\"><img decoding=\"async\" src=\"https:\/\/radiostudiow.com.br\/site\/wp-content\/uploads\/2022\/07\/AFUBRE-IRATI.jpg\" alt=\"\" class=\"wp-image-7992\"\/><\/figure>\n\n\n\n<p>Na manh\u00e3 desta ter\u00e7a-feira (18), por volta das 08h05min, um roubo ocorreu pr\u00f3ximo a um ponto de \u00f4nibus no bairro Bom Jesus. A v\u00edtima relatou \u00e0 equipe policial que uma mulher, inicialmente sentada no local, se levantou e se aproximou dela, anunciando o assalto de forma violenta usando for\u00e7a f\u00edsica para roubar o celular da v\u00edtima. A criminosa, utilizando for\u00e7a f\u00edsica, subtraiu o celular da v\u00edtima, um iPhone 8 de cor rosa com branco.<\/p>\n\n\n\n<p>Ap\u00f3s cometer o crime, a suspeita fugiu em dire\u00e7\u00e3o ao Conjunto Guerino Massignan, adentrando uma \u00e1rea de mata nas proximidades. A v\u00edtima, determinada a recuperar seu aparelho, seguiu a assaltante, mas acabou se lesionando na cabe\u00e7a ao se enroscar em um arame farpado, o que a impediu de alcan\u00e7ar a criminosa.<\/p>\n\n\n\n<figure class=\"wp-block-image size-full\"><img loading=\"lazy\" decoding=\"async\" width=\"897\" height=\"204\" src=\"https:\/\/radiostudiow.com.br\/site\/wp-content\/uploads\/2023\/06\/image-10.png\" alt=\"\" class=\"wp-image-13307\" srcset=\"https:\/\/radiostudiow.com.br\/site\/wp-content\/uploads\/2023\/06\/image-10.png 897w, https:\/\/radiostudiow.com.br\/site\/wp-content\/uploads\/2023\/06\/image-10-300x68.png 300w, https:\/\/radiostudiow.com.br\/site\/wp-content\/uploads\/2023\/06\/image-10-768x175.png 768w\" sizes=\"auto, (max-width: 897px) 100vw, 897px\" \/><\/figure>\n\n\n\n<p>A v\u00edtima, posteriormente, obteve informa\u00e7\u00f5es de populares que avistaram a suspeita adentrando uma resid\u00eancia nas redondezas, portando um objeto em suas m\u00e3os. A equipe policial deslocou-se at\u00e9 o endere\u00e7o indicado, onde a m\u00e3e da suspeita informou que a mesma havia sa\u00eddo durante a noite e n\u00e3o havia retornado at\u00e9 ent\u00e3o.<\/p>\n\n\n\n<p>Realizando procuras pela regi\u00e3o, os policiais conseguiram localizar a suspeita, que confessou a autoria do roubo quando questionada. Al\u00e9m disso, ela indicou a localiza\u00e7\u00e3o do aparelho celular, enterrado na entrada de uma mata a aproximadamente 50 metros de sua resid\u00eancia.<\/p>\n\n\n\n<p>Ap\u00f3s ser informada de seus direitos constitucionais, incluindo o direito de permanecer em sil\u00eancio, a suspeita recebeu voz de pris\u00e3o. Acompanhada do celular recuperado, ela foi conduzida at\u00e9 a Delegacia para as provid\u00eancias cab\u00edveis.<\/p>\n\n\n\n<p>Uma consulta no sistema SESP revelou que a autora possui um extenso hist\u00f3rico de passagens criminais, incluindo furtos e roubos.<\/p>\n\n\n\n<figure class=\"wp-block-image size-full\"><img decoding=\"async\" src=\"https:\/\/radiostudiow.com.br\/site\/wp-content\/uploads\/2023\/05\/SITE-MEDIO.png\" alt=\"\" class=\"wp-image-12661\"\/><\/figure>\n","protected":false},"excerpt":{"rendered":"<p>Na manh\u00e3 desta ter\u00e7a-feira (18), por volta das 08h05min, um roubo ocorreu pr\u00f3ximo a um ponto de \u00f4nibus no bairro Bom Jesus. A v\u00edtima relatou \u00e0 equipe policial que uma mulher, inicialmente sentada no local, se levantou e se aproximou dela, anunciando o assalto de forma violenta usando for\u00e7a f\u00edsica para roubar o celular da [&hellip;]<\/p>\n","protected":false},"author":2,"featured_media":13887,"comment_status":"open","ping_status":"open","sticky":false,"template":"","format":"standard","meta":{"footnotes":""},"categories":[2,185],"tags":[172],"class_list":["post-13886","post","type-post","status-publish","format-standard","has-post-thumbnail","hentry","category-policial","category-regional","tag-featured"],"amp_enabled":true,"_links":{"self":[{"href":"https:\/\/radiostudiow.com.br\/site\/wp-json\/wp\/v2\/posts\/13886","targetHints":{"allow":["GET"]}}],"collection":[{"href":"https:\/\/radiostudiow.com.br\/site\/wp-json\/wp\/v2\/posts"}],"about":[{"href":"https:\/\/radiostudiow.com.br\/site\/wp-json\/wp\/v2\/types\/post"}],"author":[{"embeddable":true,"href":"https:\/\/radiostudiow.com.br\/site\/wp-json\/wp\/v2\/users\/2"}],"replies":[{"embeddable":true,"href":"https:\/\/radiostudiow.com.br\/site\/wp-json\/wp\/v2\/comments?post=13886"}],"version-history":[{"count":1,"href":"https:\/\/radiostudiow.com.br\/site\/wp-json\/wp\/v2\/posts\/13886\/revisions"}],"predecessor-version":[{"id":13888,"href":"https:\/\/radiostudiow.com.br\/site\/wp-json\/wp\/v2\/posts\/13886\/revisions\/13888"}],"wp:featuredmedia":[{"embeddable":true,"href":"https:\/\/radiostudiow.com.br\/site\/wp-json\/wp\/v2\/media\/13887"}],"wp:attachment":[{"href":"https:\/\/radiostudiow.com.br\/site\/wp-json\/wp\/v2\/media?parent=13886"}],"wp:term":[{"taxonomy":"category","embeddable":true,"href":"https:\/\/radiostudiow.com.br\/site\/wp-json\/wp\/v2\/categories?post=13886"},{"taxonomy":"post_tag","embeddable":true,"href":"https:\/\/radiostudiow.com.br\/site\/wp-json\/wp\/v2\/tags?post=13886"}],"curies":[{"name":"wp","href":"https:\/\/api.w.org\/{rel}","templated":true}]}}