{"id":13889,"date":"2023-07-21T09:58:07","date_gmt":"2023-07-21T12:58:07","guid":{"rendered":"https:\/\/radiostudiow.com.br\/site\/?p=13889"},"modified":"2025-01-31T15:06:40","modified_gmt":"2025-01-31T18:06:40","slug":"motociclista-fica-ferido-em-acidente-em-porto-uniao-nesta-quinta-feira","status":"publish","type":"post","link":"https:\/\/radiostudiow.com.br\/site\/2023\/07\/21\/motociclista-fica-ferido-em-acidente-em-porto-uniao-nesta-quinta-feira\/","title":{"rendered":"Motociclista fica ferido em acidente em Porto Uni\u00e3o nesta quinta-feira"},"content":{"rendered":"\n<figure class=\"wp-block-image size-large\"><img decoding=\"async\" src=\"https:\/\/radiostudiow.com.br\/site\/wp-content\/uploads\/2023\/07\/image-34-1024x387.png\" alt=\"\" class=\"wp-image-13860\"\/><\/figure>\n\n\n\n<p>Corpo de Bombeiros de Porto Uni\u00e3o atendeu um acidente de tr\u00e2nsito por volta das 14h desta quinta-feira, 20, na Rua Jaquelino Ramos no bairro S\u00e3o Francisco.<\/p>\n\n\n\n<p>A colis\u00e3o envolveu um VW\/Polo e uma motocicleta Yamaha. O condutor do carro n\u00e3o teve ferimentos, enquanto o motociclista estava consciente e orientado, mas apresentava escoria\u00e7\u00f5es na m\u00e3o esquerda e queixava-se de dor na regi\u00e3o lombar.<\/p>\n\n\n\n<figure class=\"wp-block-image size-full\"><img loading=\"lazy\" decoding=\"async\" width=\"897\" height=\"204\" src=\"https:\/\/radiostudiow.com.br\/site\/wp-content\/uploads\/2023\/06\/image-10.png\" alt=\"\" class=\"wp-image-13307\" srcset=\"https:\/\/radiostudiow.com.br\/site\/wp-content\/uploads\/2023\/06\/image-10.png 897w, https:\/\/radiostudiow.com.br\/site\/wp-content\/uploads\/2023\/06\/image-10-300x68.png 300w, https:\/\/radiostudiow.com.br\/site\/wp-content\/uploads\/2023\/06\/image-10-768x175.png 768w\" sizes=\"auto, (max-width: 897px) 100vw, 897px\" \/><\/figure>\n\n\n\n<p>Ap\u00f3s a chegada no local, os profissionais de atendimento pr\u00e9-hospitalar realizaram os procedimentos necess\u00e1rios para garantir a estabilidade do motociclista e providenciar os primeiros socorros.<\/p>\n\n\n\n<p>Ap\u00f3s a avalia\u00e7\u00e3o e os cuidados iniciais, o motociclista foi encaminhado ao hospital mais pr\u00f3ximo para receber atendimento m\u00e9dico adequado.<\/p>\n\n\n\n<figure class=\"wp-block-image size-full\"><img decoding=\"async\" src=\"https:\/\/radiostudiow.com.br\/site\/wp-content\/uploads\/2022\/07\/CAFE.jpg\" alt=\"\" class=\"wp-image-8288\"\/><\/figure>\n","protected":false},"excerpt":{"rendered":"<p>Corpo de Bombeiros de Porto Uni\u00e3o atendeu um acidente de tr\u00e2nsito por volta das 14h desta quinta-feira, 20, na Rua Jaquelino Ramos no bairro S\u00e3o Francisco. A colis\u00e3o envolveu um VW\/Polo e uma motocicleta Yamaha. O condutor do carro n\u00e3o teve ferimentos, enquanto o motociclista estava consciente e orientado, mas apresentava escoria\u00e7\u00f5es na m\u00e3o esquerda [&hellip;]<\/p>\n","protected":false},"author":2,"featured_media":13890,"comment_status":"open","ping_status":"open","sticky":false,"template":"","format":"standard","meta":{"footnotes":""},"categories":[185],"tags":[172],"class_list":["post-13889","post","type-post","status-publish","format-standard","has-post-thumbnail","hentry","category-regional","tag-featured"],"amp_enabled":true,"_links":{"self":[{"href":"https:\/\/radiostudiow.com.br\/site\/wp-json\/wp\/v2\/posts\/13889","targetHints":{"allow":["GET"]}}],"collection":[{"href":"https:\/\/radiostudiow.com.br\/site\/wp-json\/wp\/v2\/posts"}],"about":[{"href":"https:\/\/radiostudiow.com.br\/site\/wp-json\/wp\/v2\/types\/post"}],"author":[{"embeddable":true,"href":"https:\/\/radiostudiow.com.br\/site\/wp-json\/wp\/v2\/users\/2"}],"replies":[{"embeddable":true,"href":"https:\/\/radiostudiow.com.br\/site\/wp-json\/wp\/v2\/comments?post=13889"}],"version-history":[{"count":1,"href":"https:\/\/radiostudiow.com.br\/site\/wp-json\/wp\/v2\/posts\/13889\/revisions"}],"predecessor-version":[{"id":13891,"href":"https:\/\/radiostudiow.com.br\/site\/wp-json\/wp\/v2\/posts\/13889\/revisions\/13891"}],"wp:featuredmedia":[{"embeddable":true,"href":"https:\/\/radiostudiow.com.br\/site\/wp-json\/wp\/v2\/media\/13890"}],"wp:attachment":[{"href":"https:\/\/radiostudiow.com.br\/site\/wp-json\/wp\/v2\/media?parent=13889"}],"wp:term":[{"taxonomy":"category","embeddable":true,"href":"https:\/\/radiostudiow.com.br\/site\/wp-json\/wp\/v2\/categories?post=13889"},{"taxonomy":"post_tag","embeddable":true,"href":"https:\/\/radiostudiow.com.br\/site\/wp-json\/wp\/v2\/tags?post=13889"}],"curies":[{"name":"wp","href":"https:\/\/api.w.org\/{rel}","templated":true}]}}