{"id":13892,"date":"2023-07-21T10:52:24","date_gmt":"2023-07-21T13:52:24","guid":{"rendered":"https:\/\/radiostudiow.com.br\/site\/?p=13892"},"modified":"2025-01-31T15:06:40","modified_gmt":"2025-01-31T18:06:40","slug":"w-noticias-hussein-bakri-e-sandro-alex-estiveram-em-mallet-para-assinatura-de-convenios-para-cidade","status":"publish","type":"post","link":"https:\/\/radiostudiow.com.br\/site\/2023\/07\/21\/w-noticias-hussein-bakri-e-sandro-alex-estiveram-em-mallet-para-assinatura-de-convenios-para-cidade\/","title":{"rendered":"W Not\u00edcias &#8211; Hussein Bakri e Sandro Alex estiveram em Mallet para assinatura de conv\u00eanios para cidade"},"content":{"rendered":"\n<p><br>Mat\u00e9ria reproduzida originalmente na Edi\u00e7\u00e3o de 19\/07\/2023 do Jornal W Not\u00edcias Assista e acompanhe as informa\u00e7\u00f5es de primeira m\u00e3o no Jornal W Not\u00edcias, o notici\u00e1rio de Mallet e regi\u00e3o &#8211; De Segunda a Sexta, a partir das <a href=\"https:\/\/www.youtube.com\/watch?v=v4DDdiAKW70&amp;t=1170s\">19:30<\/a> horas &#8211; Apresenta\u00e7\u00e3o Valdir Wladyka<\/p>\n\n\n\n<figure class=\"wp-block-embed is-type-video is-provider-youtube wp-block-embed-youtube wp-embed-aspect-16-9 wp-has-aspect-ratio\"><div class=\"wp-block-embed__wrapper\">\n<iframe loading=\"lazy\" title=\"W Not\u00edcias - Hussein Bakri e Sandro Alex estiveram em Mallet para assinatura de cov\u00eanios para cidade\" width=\"740\" height=\"416\" src=\"https:\/\/www.youtube.com\/embed\/v4DDdiAKW70?feature=oembed\" frameborder=\"0\" allow=\"accelerometer; autoplay; clipboard-write; encrypted-media; gyroscope; picture-in-picture; web-share\" allowfullscreen><\/iframe>\n<\/div><\/figure>\n\n\n\n<figure class=\"wp-block-image size-full\"><img loading=\"lazy\" decoding=\"async\" width=\"897\" height=\"204\" src=\"https:\/\/radiostudiow.com.br\/site\/wp-content\/uploads\/2023\/06\/image-10.png\" alt=\"\" class=\"wp-image-13307\" srcset=\"https:\/\/radiostudiow.com.br\/site\/wp-content\/uploads\/2023\/06\/image-10.png 897w, https:\/\/radiostudiow.com.br\/site\/wp-content\/uploads\/2023\/06\/image-10-300x68.png 300w, https:\/\/radiostudiow.com.br\/site\/wp-content\/uploads\/2023\/06\/image-10-768x175.png 768w\" sizes=\"auto, (max-width: 897px) 100vw, 897px\" \/><\/figure>\n","protected":false},"excerpt":{"rendered":"<p>Mat\u00e9ria reproduzida originalmente na Edi\u00e7\u00e3o de 19\/07\/2023 do Jornal W Not\u00edcias Assista e acompanhe as informa\u00e7\u00f5es de primeira m\u00e3o no Jornal W Not\u00edcias, o notici\u00e1rio de Mallet e regi\u00e3o &#8211; De Segunda a Sexta, a partir das 19:30 horas &#8211; Apresenta\u00e7\u00e3o Valdir Wladyka<\/p>\n","protected":false},"author":2,"featured_media":13896,"comment_status":"open","ping_status":"open","sticky":false,"template":"","format":"standard","meta":{"footnotes":""},"categories":[184],"tags":[172],"class_list":["post-13892","post","type-post","status-publish","format-standard","has-post-thumbnail","hentry","category-local","tag-featured"],"amp_enabled":true,"_links":{"self":[{"href":"https:\/\/radiostudiow.com.br\/site\/wp-json\/wp\/v2\/posts\/13892","targetHints":{"allow":["GET"]}}],"collection":[{"href":"https:\/\/radiostudiow.com.br\/site\/wp-json\/wp\/v2\/posts"}],"about":[{"href":"https:\/\/radiostudiow.com.br\/site\/wp-json\/wp\/v2\/types\/post"}],"author":[{"embeddable":true,"href":"https:\/\/radiostudiow.com.br\/site\/wp-json\/wp\/v2\/users\/2"}],"replies":[{"embeddable":true,"href":"https:\/\/radiostudiow.com.br\/site\/wp-json\/wp\/v2\/comments?post=13892"}],"version-history":[{"count":2,"href":"https:\/\/radiostudiow.com.br\/site\/wp-json\/wp\/v2\/posts\/13892\/revisions"}],"predecessor-version":[{"id":13895,"href":"https:\/\/radiostudiow.com.br\/site\/wp-json\/wp\/v2\/posts\/13892\/revisions\/13895"}],"wp:featuredmedia":[{"embeddable":true,"href":"https:\/\/radiostudiow.com.br\/site\/wp-json\/wp\/v2\/media\/13896"}],"wp:attachment":[{"href":"https:\/\/radiostudiow.com.br\/site\/wp-json\/wp\/v2\/media?parent=13892"}],"wp:term":[{"taxonomy":"category","embeddable":true,"href":"https:\/\/radiostudiow.com.br\/site\/wp-json\/wp\/v2\/categories?post=13892"},{"taxonomy":"post_tag","embeddable":true,"href":"https:\/\/radiostudiow.com.br\/site\/wp-json\/wp\/v2\/tags?post=13892"}],"curies":[{"name":"wp","href":"https:\/\/api.w.org\/{rel}","templated":true}]}}