{"id":13897,"date":"2023-07-21T11:30:11","date_gmt":"2023-07-21T14:30:11","guid":{"rendered":"https:\/\/radiostudiow.com.br\/site\/?p=13897"},"modified":"2025-01-31T15:06:40","modified_gmt":"2025-01-31T18:06:40","slug":"condutor-embriagado-e-detido-apos-realizar-manobras-perigosas-em-general-carneiro","status":"publish","type":"post","link":"https:\/\/radiostudiow.com.br\/site\/2023\/07\/21\/condutor-embriagado-e-detido-apos-realizar-manobras-perigosas-em-general-carneiro\/","title":{"rendered":"Condutor embriagado \u00e9 detido ap\u00f3s realizar manobras perigosas em General Carneiro"},"content":{"rendered":"\n<figure class=\"wp-block-image size-full\"><img decoding=\"async\" src=\"https:\/\/radiostudiow.com.br\/site\/wp-content\/uploads\/2022\/06\/NUTRI-MALLET.jpg\" alt=\"\" class=\"wp-image-7772\"\/><\/figure>\n\n\n\n<p>Por volta das 17h59 da \u00faltima quarta-feira, 19 de julho, na Rua Governador Parigot de Souza, em General Carneiro, a equipe policial da cidade realizava patrulhamento quando flagrou um ve\u00edculo Uno de cor branca realizando manobras de zigue-zague na rua e transitando em alta velocidade. Diante da conduta perigosa, os policiais prontamente emitiram ordens de parada, utilizando sinais sonoros e luminosos para a abordagem.<\/p>\n\n\n\n<p>Ao perceber a a\u00e7\u00e3o da pol\u00edcia, o condutor do ve\u00edculo tomou uma atitude suspeita, parou o ve\u00edculo e arremessou as chaves do autom\u00f3vel pela janela em um monte de terra pr\u00f3ximo. Assim, os agentes conseguiram efetuar a abordagem do condutor, que apresentava vis\u00edveis sinais de embriaguez.<\/p>\n\n\n\n<figure class=\"wp-block-image size-full\"><img loading=\"lazy\" decoding=\"async\" width=\"897\" height=\"204\" src=\"https:\/\/radiostudiow.com.br\/site\/wp-content\/uploads\/2023\/06\/image-10.png\" alt=\"\" class=\"wp-image-13307\" srcset=\"https:\/\/radiostudiow.com.br\/site\/wp-content\/uploads\/2023\/06\/image-10.png 897w, https:\/\/radiostudiow.com.br\/site\/wp-content\/uploads\/2023\/06\/image-10-300x68.png 300w, https:\/\/radiostudiow.com.br\/site\/wp-content\/uploads\/2023\/06\/image-10-768x175.png 768w\" sizes=\"auto, (max-width: 897px) 100vw, 897px\" \/><\/figure>\n\n\n\n<p>Durante a abordagem, os policiais encontraram sob o painel do ve\u00edculo uma garrafa de bebida alco\u00f3lica quase vazia, o que refor\u00e7ou a suspeita de que o condutor estivesse dirigindo sob a influ\u00eancia de \u00e1lcool. Para confirmar a embriaguez, o condutor foi submetido ao teste do etil\u00f4metro, que registrou o valor de 1,03 mg\/L de \u00e1lcool no sangue, muito acima do limite permitido pela legisla\u00e7\u00e3o.<\/p>\n\n\n\n<p>Al\u00e9m do estado de embriaguez, os policiais constataram que o condutor n\u00e3o possu\u00eda habilita\u00e7\u00e3o para dirigir o ve\u00edculo. Para complicar ainda mais a situa\u00e7\u00e3o, o ve\u00edculo em quest\u00e3o estava com d\u00e9bitos pendentes desde o ano de 2019.<\/p>\n\n\n\n<p>Diante das infra\u00e7\u00f5es cometidas, foram aplicadas medidas administrativas de tr\u00e2nsito ao ve\u00edculo, que foi recolhido ao p\u00e1tio do DPM. O condutor, por sua vez, foi detido pelas autoridades e encaminhado \u00e0 4\u00aa SDP para responder pelo crime de embriaguez ao volante.<\/p>\n\n\n\n<figure class=\"wp-block-image size-full\"><img decoding=\"async\" src=\"https:\/\/radiostudiow.com.br\/site\/wp-content\/uploads\/2022\/07\/AFUBRE-IRATI.jpg\" alt=\"\" class=\"wp-image-7992\"\/><\/figure>\n","protected":false},"excerpt":{"rendered":"<p>Por volta das 17h59 da \u00faltima quarta-feira, 19 de julho, na Rua Governador Parigot de Souza, em General Carneiro, a equipe policial da cidade realizava patrulhamento quando flagrou um ve\u00edculo Uno de cor branca realizando manobras de zigue-zague na rua e transitando em alta velocidade. Diante da conduta perigosa, os policiais prontamente emitiram ordens de [&hellip;]<\/p>\n","protected":false},"author":2,"featured_media":13898,"comment_status":"open","ping_status":"open","sticky":false,"template":"","format":"standard","meta":{"footnotes":""},"categories":[2,185],"tags":[172],"class_list":["post-13897","post","type-post","status-publish","format-standard","has-post-thumbnail","hentry","category-policial","category-regional","tag-featured"],"amp_enabled":true,"_links":{"self":[{"href":"https:\/\/radiostudiow.com.br\/site\/wp-json\/wp\/v2\/posts\/13897","targetHints":{"allow":["GET"]}}],"collection":[{"href":"https:\/\/radiostudiow.com.br\/site\/wp-json\/wp\/v2\/posts"}],"about":[{"href":"https:\/\/radiostudiow.com.br\/site\/wp-json\/wp\/v2\/types\/post"}],"author":[{"embeddable":true,"href":"https:\/\/radiostudiow.com.br\/site\/wp-json\/wp\/v2\/users\/2"}],"replies":[{"embeddable":true,"href":"https:\/\/radiostudiow.com.br\/site\/wp-json\/wp\/v2\/comments?post=13897"}],"version-history":[{"count":1,"href":"https:\/\/radiostudiow.com.br\/site\/wp-json\/wp\/v2\/posts\/13897\/revisions"}],"predecessor-version":[{"id":13899,"href":"https:\/\/radiostudiow.com.br\/site\/wp-json\/wp\/v2\/posts\/13897\/revisions\/13899"}],"wp:featuredmedia":[{"embeddable":true,"href":"https:\/\/radiostudiow.com.br\/site\/wp-json\/wp\/v2\/media\/13898"}],"wp:attachment":[{"href":"https:\/\/radiostudiow.com.br\/site\/wp-json\/wp\/v2\/media?parent=13897"}],"wp:term":[{"taxonomy":"category","embeddable":true,"href":"https:\/\/radiostudiow.com.br\/site\/wp-json\/wp\/v2\/categories?post=13897"},{"taxonomy":"post_tag","embeddable":true,"href":"https:\/\/radiostudiow.com.br\/site\/wp-json\/wp\/v2\/tags?post=13897"}],"curies":[{"name":"wp","href":"https:\/\/api.w.org\/{rel}","templated":true}]}}