{"id":13900,"date":"2023-07-21T13:15:42","date_gmt":"2023-07-21T16:15:42","guid":{"rendered":"https:\/\/radiostudiow.com.br\/site\/?p=13900"},"modified":"2025-01-31T15:06:40","modified_gmt":"2025-01-31T18:06:40","slug":"assalto-a-mao-armada-causa-prejuizo-de-mais-de-6-mil-reais-em-porto-vitoria","status":"publish","type":"post","link":"https:\/\/radiostudiow.com.br\/site\/2023\/07\/21\/assalto-a-mao-armada-causa-prejuizo-de-mais-de-6-mil-reais-em-porto-vitoria\/","title":{"rendered":"Assalto \u00e0 m\u00e3o armada causa preju\u00edzo de mais de 6 mil reais em Porto Vit\u00f3ria"},"content":{"rendered":"\n<figure class=\"wp-block-image size-full\"><img decoding=\"async\" src=\"https:\/\/radiostudiow.com.br\/site\/wp-content\/uploads\/2022\/06\/vem_ai.jpg\" alt=\"\" class=\"wp-image-7789\"\/><\/figure>\n\n\n\n<p>Nesta \u00faltima quarta-feira (19), um estabelecimento comercial localizado na Rua Atan\u00e1sio Schick, no centro de Porto Vit\u00f3ria, foi alvo de um assalto \u00e0 m\u00e3o armada. Segundo informa\u00e7\u00f5es fornecidas pela Pol\u00edcia Militar, dois indiv\u00edduos armados chegaram ao local em uma motocicleta e, mediante amea\u00e7as, roubaram aproximadamente R$5.000,00 em dinheiro, que estavam em dois caixas do estabelecimento, al\u00e9m de cerca de R$1.300,00 da carteira do solicitante.<\/p>\n\n\n\n<p>De acordo com o relato do solicitante, que fez o comunicado diretamente no m\u00f3dulo policial, os criminosos adentraram o estabelecimento com os rostos cobertos por capacetes, dificultando a identifica\u00e7\u00e3o. Um deles estava completamente vestido de preto, com capacete preto, enquanto o outro trajava moletom cinza e cal\u00e7a jeans azul, tamb\u00e9m usando capacete preto.<\/p>\n\n\n\n<figure class=\"wp-block-image size-full\"><img loading=\"lazy\" decoding=\"async\" width=\"897\" height=\"204\" src=\"https:\/\/radiostudiow.com.br\/site\/wp-content\/uploads\/2023\/06\/image-10.png\" alt=\"\" class=\"wp-image-13307\" srcset=\"https:\/\/radiostudiow.com.br\/site\/wp-content\/uploads\/2023\/06\/image-10.png 897w, https:\/\/radiostudiow.com.br\/site\/wp-content\/uploads\/2023\/06\/image-10-300x68.png 300w, https:\/\/radiostudiow.com.br\/site\/wp-content\/uploads\/2023\/06\/image-10-768x175.png 768w\" sizes=\"auto, (max-width: 897px) 100vw, 897px\" \/><\/figure>\n\n\n\n<p>No momento do assalto, os funcion\u00e1rios do estabelecimento foram rendidos e conduzidos \u00e0 frente do mercado, onde foram obrigados a deitar no ch\u00e3o sob amea\u00e7as das armas de fogo que os assaltantes portavam. A a\u00e7\u00e3o foi r\u00e1pida e precisa, demonstrando que os criminosos tinham conhecimento pr\u00e9vio do local e de sua rotina.<\/p>\n\n\n\n<p>Al\u00e9m do montante em dinheiro dos caixas, os criminosos tamb\u00e9m levaram a carteira do propriet\u00e1rio, contendo dinheiro pessoal, documentos e cart\u00f5es. O preju\u00edzo total estimado \u00e9 de R$6.300,00, incluindo os valores roubados dos caixas e do propriet\u00e1rio, bem como os seus documentos e cart\u00f5es banc\u00e1rios.<\/p>\n\n\n\n<p>Ap\u00f3s a a\u00e7\u00e3o, os assaltantes empreenderam fuga na motocicleta utilizada no crime, e at\u00e9 o momento n\u00e3o foram localizados pela pol\u00edcia.<\/p>\n\n\n\n<figure class=\"wp-block-image size-full\"><img decoding=\"async\" src=\"https:\/\/radiostudiow.com.br\/site\/wp-content\/uploads\/2022\/06\/SICREDI.jpg\" alt=\"\" class=\"wp-image-7695\"\/><\/figure>\n","protected":false},"excerpt":{"rendered":"<p>Nesta \u00faltima quarta-feira (19), um estabelecimento comercial localizado na Rua Atan\u00e1sio Schick, no centro de Porto Vit\u00f3ria, foi alvo de um assalto \u00e0 m\u00e3o armada. Segundo informa\u00e7\u00f5es fornecidas pela Pol\u00edcia Militar, dois indiv\u00edduos armados chegaram ao local em uma motocicleta e, mediante amea\u00e7as, roubaram aproximadamente R$5.000,00 em dinheiro, que estavam em dois caixas do estabelecimento, [&hellip;]<\/p>\n","protected":false},"author":2,"featured_media":13903,"comment_status":"open","ping_status":"open","sticky":false,"template":"","format":"standard","meta":{"footnotes":""},"categories":[2,185],"tags":[172],"class_list":["post-13900","post","type-post","status-publish","format-standard","has-post-thumbnail","hentry","category-policial","category-regional","tag-featured"],"amp_enabled":true,"_links":{"self":[{"href":"https:\/\/radiostudiow.com.br\/site\/wp-json\/wp\/v2\/posts\/13900","targetHints":{"allow":["GET"]}}],"collection":[{"href":"https:\/\/radiostudiow.com.br\/site\/wp-json\/wp\/v2\/posts"}],"about":[{"href":"https:\/\/radiostudiow.com.br\/site\/wp-json\/wp\/v2\/types\/post"}],"author":[{"embeddable":true,"href":"https:\/\/radiostudiow.com.br\/site\/wp-json\/wp\/v2\/users\/2"}],"replies":[{"embeddable":true,"href":"https:\/\/radiostudiow.com.br\/site\/wp-json\/wp\/v2\/comments?post=13900"}],"version-history":[{"count":3,"href":"https:\/\/radiostudiow.com.br\/site\/wp-json\/wp\/v2\/posts\/13900\/revisions"}],"predecessor-version":[{"id":13905,"href":"https:\/\/radiostudiow.com.br\/site\/wp-json\/wp\/v2\/posts\/13900\/revisions\/13905"}],"wp:featuredmedia":[{"embeddable":true,"href":"https:\/\/radiostudiow.com.br\/site\/wp-json\/wp\/v2\/media\/13903"}],"wp:attachment":[{"href":"https:\/\/radiostudiow.com.br\/site\/wp-json\/wp\/v2\/media?parent=13900"}],"wp:term":[{"taxonomy":"category","embeddable":true,"href":"https:\/\/radiostudiow.com.br\/site\/wp-json\/wp\/v2\/categories?post=13900"},{"taxonomy":"post_tag","embeddable":true,"href":"https:\/\/radiostudiow.com.br\/site\/wp-json\/wp\/v2\/tags?post=13900"}],"curies":[{"name":"wp","href":"https:\/\/api.w.org\/{rel}","templated":true}]}}