{"id":13908,"date":"2023-07-21T15:03:00","date_gmt":"2023-07-21T18:03:00","guid":{"rendered":"https:\/\/radiostudiow.com.br\/site\/?p=13908"},"modified":"2025-01-31T15:06:40","modified_gmt":"2025-01-31T18:06:40","slug":"policia-ambiental-faz-apreensao-de-madeiras-em-sao-mateus-do-sul","status":"publish","type":"post","link":"https:\/\/radiostudiow.com.br\/site\/2023\/07\/21\/policia-ambiental-faz-apreensao-de-madeiras-em-sao-mateus-do-sul\/","title":{"rendered":"Pol\u00edcia Ambiental faz apreens\u00e3o de madeiras em S\u00e3o Mateus do Sul"},"content":{"rendered":"\n<figure class=\"wp-block-image size-full\"><img decoding=\"async\" src=\"https:\/\/radiostudiow.com.br\/site\/wp-content\/uploads\/2022\/06\/SICREDI.jpg\" alt=\"\" class=\"wp-image-7695\"\/><\/figure>\n\n\n\n<p>Em atendimento a den\u00fancia, policiais ambientais vistoriaram na \u00faltima segunda-feira (17) uma madeireira de S\u00e3o Mateus do Sul. No local foram encontradas madeiras de pinheiro e cedro, as quais s\u00e3o esp\u00e9cies nativas especialmente protegidas, que se encontravam no p\u00e1tio da serraria sem a documenta\u00e7\u00e3o de origem florestal (DOF).<\/p>\n\n\n\n<p>Diante dos fatos foi realizada a cubagem do volume da madeira e realizada a vistoria nas instala\u00e7\u00f5es e documenta\u00e7\u00e3o referente a licen\u00e7a de opera\u00e7\u00e3o da empresa, a qual est\u00e1 vencida.<\/p>\n\n\n\n<figure class=\"wp-block-image size-full\"><img loading=\"lazy\" decoding=\"async\" width=\"897\" height=\"204\" src=\"https:\/\/radiostudiow.com.br\/site\/wp-content\/uploads\/2023\/06\/image-10.png\" alt=\"\" class=\"wp-image-13307\" srcset=\"https:\/\/radiostudiow.com.br\/site\/wp-content\/uploads\/2023\/06\/image-10.png 897w, https:\/\/radiostudiow.com.br\/site\/wp-content\/uploads\/2023\/06\/image-10-300x68.png 300w, https:\/\/radiostudiow.com.br\/site\/wp-content\/uploads\/2023\/06\/image-10-768x175.png 768w\" sizes=\"auto, (max-width: 897px) 100vw, 897px\" \/><\/figure>\n\n\n\n<figure class=\"wp-block-image size-large\"><img decoding=\"async\" src=\"https:\/\/radiostudiow.com.br\/site\/wp-content\/uploads\/2023\/07\/image-37-1024x1024.png\" alt=\"\" class=\"wp-image-13909\"\/><\/figure>\n\n\n\n<p>O respons\u00e1vel foi encaminhado para lavratura de Termo Circunstanciado por armazenamento da madeira sem autoriza\u00e7\u00e3o do \u00f3rg\u00e3o ambiental, e por n\u00e3o estar com a licen\u00e7a de opera\u00e7\u00e3o v\u00e1lida.<\/p>\n\n\n\n<p>Foram apreendidos 8,0957m3 de pinheiro e 1,1449m3 de cedro.<\/p>\n\n\n\n<p>&nbsp;Ser\u00e1 encaminhado of\u00edcio ao IAT \u2013 Instituto \u00c1gua e Terra para que sejam realizadas as san\u00e7\u00f5es administrativas.<\/p>\n\n\n\n<p>Informa\u00e7\u00f5es e imagens: Pol\u00edcia Ambiental<\/p>\n\n\n\n<figure class=\"wp-block-image size-full\"><img decoding=\"async\" src=\"https:\/\/radiostudiow.com.br\/site\/wp-content\/uploads\/2023\/05\/SITE-MEDIO.png\" alt=\"\" class=\"wp-image-12661\"\/><\/figure>\n\n\n\n<figure class=\"wp-block-image size-large\"><img decoding=\"async\" src=\"https:\/\/radiostudiow.com.br\/site\/wp-content\/uploads\/2023\/07\/image-38-1024x1024.png\" alt=\"\" class=\"wp-image-13910\"\/><\/figure>\n","protected":false},"excerpt":{"rendered":"<p>Em atendimento a den\u00fancia, policiais ambientais vistoriaram na \u00faltima segunda-feira (17) uma madeireira de S\u00e3o Mateus do Sul. No local foram encontradas madeiras de pinheiro e cedro, as quais s\u00e3o esp\u00e9cies nativas especialmente protegidas, que se encontravam no p\u00e1tio da serraria sem a documenta\u00e7\u00e3o de origem florestal (DOF). Diante dos fatos foi realizada a cubagem [&hellip;]<\/p>\n","protected":false},"author":2,"featured_media":0,"comment_status":"open","ping_status":"open","sticky":false,"template":"","format":"standard","meta":{"footnotes":""},"categories":[2,185],"tags":[172],"class_list":["post-13908","post","type-post","status-publish","format-standard","hentry","category-policial","category-regional","tag-featured"],"amp_enabled":true,"_links":{"self":[{"href":"https:\/\/radiostudiow.com.br\/site\/wp-json\/wp\/v2\/posts\/13908","targetHints":{"allow":["GET"]}}],"collection":[{"href":"https:\/\/radiostudiow.com.br\/site\/wp-json\/wp\/v2\/posts"}],"about":[{"href":"https:\/\/radiostudiow.com.br\/site\/wp-json\/wp\/v2\/types\/post"}],"author":[{"embeddable":true,"href":"https:\/\/radiostudiow.com.br\/site\/wp-json\/wp\/v2\/users\/2"}],"replies":[{"embeddable":true,"href":"https:\/\/radiostudiow.com.br\/site\/wp-json\/wp\/v2\/comments?post=13908"}],"version-history":[{"count":1,"href":"https:\/\/radiostudiow.com.br\/site\/wp-json\/wp\/v2\/posts\/13908\/revisions"}],"predecessor-version":[{"id":13911,"href":"https:\/\/radiostudiow.com.br\/site\/wp-json\/wp\/v2\/posts\/13908\/revisions\/13911"}],"wp:attachment":[{"href":"https:\/\/radiostudiow.com.br\/site\/wp-json\/wp\/v2\/media?parent=13908"}],"wp:term":[{"taxonomy":"category","embeddable":true,"href":"https:\/\/radiostudiow.com.br\/site\/wp-json\/wp\/v2\/categories?post=13908"},{"taxonomy":"post_tag","embeddable":true,"href":"https:\/\/radiostudiow.com.br\/site\/wp-json\/wp\/v2\/tags?post=13908"}],"curies":[{"name":"wp","href":"https:\/\/api.w.org\/{rel}","templated":true}]}}