{"id":13916,"date":"2023-07-22T13:44:57","date_gmt":"2023-07-22T16:44:57","guid":{"rendered":"https:\/\/radiostudiow.com.br\/site\/?p=13916"},"modified":"2025-01-31T15:06:40","modified_gmt":"2025-01-31T18:06:40","slug":"mulher-fica-ferida-em-colisao-entre-onibus-e-moto-proximo-da-ponte-jose-richa","status":"publish","type":"post","link":"https:\/\/radiostudiow.com.br\/site\/2023\/07\/22\/mulher-fica-ferida-em-colisao-entre-onibus-e-moto-proximo-da-ponte-jose-richa\/","title":{"rendered":"Mulher fica ferida em colis\u00e3o entre \u00f4nibus e moto pr\u00f3ximo da Ponte Jos\u00e9 Richa"},"content":{"rendered":"\n<figure class=\"wp-block-image size-full\"><img decoding=\"async\" src=\"https:\/\/radiostudiow.com.br\/site\/wp-content\/uploads\/2022\/06\/NUTRI-MALLET.jpg\" alt=\"\" class=\"wp-image-7772\"\/><\/figure>\n\n\n\n<p>A colis\u00e3o foi t\u00e3o forte que a caixa de transporte da moto foi arremessada por alguns metros at\u00e9 a esquina<\/p>\n\n\n\n<p>Por volta das 6h15min desta sexta-feira, 21, a equipe do Corpo de Bombeiros de Uni\u00e3o da Vit\u00f3ria foi acionada para atender a um acidente de tr\u00e2nsito na rotat\u00f3ria da Ponte Jos\u00e9 Richa. Chegando ao local foi constatada uma colis\u00e3o entre um \u00f4nibus do transporte coletivo e uma motocicleta.<\/p>\n\n\n\n<figure class=\"wp-block-image size-full\"><img loading=\"lazy\" decoding=\"async\" width=\"897\" height=\"204\" src=\"https:\/\/radiostudiow.com.br\/site\/wp-content\/uploads\/2023\/06\/image-10.png\" alt=\"\" class=\"wp-image-13307\" srcset=\"https:\/\/radiostudiow.com.br\/site\/wp-content\/uploads\/2023\/06\/image-10.png 897w, https:\/\/radiostudiow.com.br\/site\/wp-content\/uploads\/2023\/06\/image-10-300x68.png 300w, https:\/\/radiostudiow.com.br\/site\/wp-content\/uploads\/2023\/06\/image-10-768x175.png 768w\" sizes=\"auto, (max-width: 897px) 100vw, 897px\" \/><\/figure>\n\n\n\n<p>De acordo com a equipe que atendeu \u00e0 ocorr\u00eancia, a condutora da moto, uma jovem mulher, sofreu uma luxa\u00e7\u00e3o no ombro como resultado do impacto. Ela foi prontamente encaminhada ao Hospital Regional para receber cuidados m\u00e9dicos.<\/p>\n\n\n\n<figure class=\"wp-block-image size-full\"><img decoding=\"async\" src=\"https:\/\/radiostudiow.com.br\/site\/wp-content\/uploads\/2022\/07\/AFUBRE-IRATI.jpg\" alt=\"\" class=\"wp-image-7992\"\/><\/figure>\n","protected":false},"excerpt":{"rendered":"<p>A colis\u00e3o foi t\u00e3o forte que a caixa de transporte da moto foi arremessada por alguns metros at\u00e9 a esquina Por volta das 6h15min desta sexta-feira, 21, a equipe do Corpo de Bombeiros de Uni\u00e3o da Vit\u00f3ria foi acionada para atender a um acidente de tr\u00e2nsito na rotat\u00f3ria da Ponte Jos\u00e9 Richa. Chegando ao local [&hellip;]<\/p>\n","protected":false},"author":2,"featured_media":0,"comment_status":"open","ping_status":"open","sticky":false,"template":"","format":"standard","meta":{"footnotes":""},"categories":[185],"tags":[172],"class_list":["post-13916","post","type-post","status-publish","format-standard","hentry","category-regional","tag-featured"],"amp_enabled":true,"_links":{"self":[{"href":"https:\/\/radiostudiow.com.br\/site\/wp-json\/wp\/v2\/posts\/13916","targetHints":{"allow":["GET"]}}],"collection":[{"href":"https:\/\/radiostudiow.com.br\/site\/wp-json\/wp\/v2\/posts"}],"about":[{"href":"https:\/\/radiostudiow.com.br\/site\/wp-json\/wp\/v2\/types\/post"}],"author":[{"embeddable":true,"href":"https:\/\/radiostudiow.com.br\/site\/wp-json\/wp\/v2\/users\/2"}],"replies":[{"embeddable":true,"href":"https:\/\/radiostudiow.com.br\/site\/wp-json\/wp\/v2\/comments?post=13916"}],"version-history":[{"count":3,"href":"https:\/\/radiostudiow.com.br\/site\/wp-json\/wp\/v2\/posts\/13916\/revisions"}],"predecessor-version":[{"id":13925,"href":"https:\/\/radiostudiow.com.br\/site\/wp-json\/wp\/v2\/posts\/13916\/revisions\/13925"}],"wp:attachment":[{"href":"https:\/\/radiostudiow.com.br\/site\/wp-json\/wp\/v2\/media?parent=13916"}],"wp:term":[{"taxonomy":"category","embeddable":true,"href":"https:\/\/radiostudiow.com.br\/site\/wp-json\/wp\/v2\/categories?post=13916"},{"taxonomy":"post_tag","embeddable":true,"href":"https:\/\/radiostudiow.com.br\/site\/wp-json\/wp\/v2\/tags?post=13916"}],"curies":[{"name":"wp","href":"https:\/\/api.w.org\/{rel}","templated":true}]}}