{"id":13923,"date":"2023-07-22T14:55:26","date_gmt":"2023-07-22T17:55:26","guid":{"rendered":"https:\/\/radiostudiow.com.br\/site\/?p=13923"},"modified":"2025-01-31T15:06:40","modified_gmt":"2025-01-31T18:06:40","slug":"mulher-e-morta-e-pai-e-filho-sao-baleados-apos-desentendimento-em-sao-joao-do-triunfo","status":"publish","type":"post","link":"https:\/\/radiostudiow.com.br\/site\/2023\/07\/22\/mulher-e-morta-e-pai-e-filho-sao-baleados-apos-desentendimento-em-sao-joao-do-triunfo\/","title":{"rendered":"Mulher \u00e9 morta e pai e filho s\u00e3o baleados ap\u00f3s desentendimento em S\u00e3o Jo\u00e3o do Triunfo"},"content":{"rendered":"\n<figure class=\"wp-block-image size-full\"><img decoding=\"async\" src=\"https:\/\/radiostudiow.com.br\/site\/wp-content\/uploads\/2022\/06\/vem_ai.jpg\" alt=\"\" class=\"wp-image-7789\"\/><\/figure>\n\n\n\n<p>Uma mulher morreu e dois homens ficaram feridos ap\u00f3s serem atingidos por disparo de arma de fogo, na localidade de Meia Lua, em S\u00e3o Jo\u00e3o do Triunfo, na manh\u00e3 desta sexta-feira (21). Segundo informa\u00e7\u00f5es, um desentendimento por um terreno teria motivado o crime.<\/p>\n\n\n\n<p>Dois homens, sendo pai e filho, foram socorridos e encaminhados com ferimentos ao Hospital e Maternidade Imaculada Concei\u00e7\u00e3o para procedimentos m\u00e9dicos. A mulher acabou morrendo no local.<\/p>\n\n\n\n<p>A Pol\u00edcia Militar juntamente com a Pol\u00edcia Civil, Criminal\u00edstica e Instituto M\u00e9dico Legal (IML) foram acionados para atender a ocorr\u00eancia, e agora fazem dilig\u00eancias para identificar e localizar o autor dos disparos de arma de fogo.<\/p>\n\n\n\n<figure class=\"wp-block-image size-full\"><img loading=\"lazy\" decoding=\"async\" width=\"897\" height=\"204\" src=\"https:\/\/radiostudiow.com.br\/site\/wp-content\/uploads\/2023\/06\/image-10.png\" alt=\"\" class=\"wp-image-13307\" srcset=\"https:\/\/radiostudiow.com.br\/site\/wp-content\/uploads\/2023\/06\/image-10.png 897w, https:\/\/radiostudiow.com.br\/site\/wp-content\/uploads\/2023\/06\/image-10-300x68.png 300w, https:\/\/radiostudiow.com.br\/site\/wp-content\/uploads\/2023\/06\/image-10-768x175.png 768w\" sizes=\"auto, (max-width: 897px) 100vw, 897px\" \/><\/figure>\n\n\n\n<p>Segundo a reportagem do Portal RDX, a v\u00edtima e o esposo eram arrendat\u00e1rios de uma propriedade de 1 alqueire e 15 litros. Em 2013, o propriet\u00e1rio da \u00e1rea teria vendido a um homem, sem assegurar o direito de prefer\u00eancia ao casal, como \u00e9 previsto no Estatuto da Terra. Em raz\u00e3o disso, o casal ingressou com uma a\u00e7\u00e3o judicial para garantir o direito de aquisi\u00e7\u00e3o preferencial do im\u00f3vel rural.<\/p>\n\n\n\n<p>A a\u00e7\u00e3o tramita h\u00e1 cerca de 10 anos, tendo o casal se sagrados vencedores da a\u00e7\u00e3o, conquistando o direito \u00e0 adjudica\u00e7\u00e3o do im\u00f3vel rural.<\/p>\n\n\n\n<p>Recentemente, o Juiz de Direito da Vara C\u00edvel da Comarca de S\u00e3o Jo\u00e3o do Triunfo determinou a adjudica\u00e7\u00e3o compuls\u00f3ria do im\u00f3vel em favor do casal bem como, o condenou o homem ao pagamento de custas processuais, honor\u00e1rios de sucumb\u00eancia e a uma multa por litig\u00e2ncia de m\u00e1-f\u00e9<\/p>\n\n\n\n<figure class=\"wp-block-image size-large\"><img decoding=\"async\" src=\"https:\/\/radiostudiow.com.br\/site\/wp-content\/uploads\/2023\/07\/image-34-1024x387.png\" alt=\"\" class=\"wp-image-13860\"\/><\/figure>\n","protected":false},"excerpt":{"rendered":"<p>Uma mulher morreu e dois homens ficaram feridos ap\u00f3s serem atingidos por disparo de arma de fogo, na localidade de Meia Lua, em S\u00e3o Jo\u00e3o do Triunfo, na manh\u00e3 desta sexta-feira (21). Segundo informa\u00e7\u00f5es, um desentendimento por um terreno teria motivado o crime. Dois homens, sendo pai e filho, foram socorridos e encaminhados com ferimentos [&hellip;]<\/p>\n","protected":false},"author":2,"featured_media":13927,"comment_status":"open","ping_status":"open","sticky":false,"template":"","format":"standard","meta":{"footnotes":""},"categories":[2,185],"tags":[172],"class_list":["post-13923","post","type-post","status-publish","format-standard","has-post-thumbnail","hentry","category-policial","category-regional","tag-featured"],"amp_enabled":true,"_links":{"self":[{"href":"https:\/\/radiostudiow.com.br\/site\/wp-json\/wp\/v2\/posts\/13923","targetHints":{"allow":["GET"]}}],"collection":[{"href":"https:\/\/radiostudiow.com.br\/site\/wp-json\/wp\/v2\/posts"}],"about":[{"href":"https:\/\/radiostudiow.com.br\/site\/wp-json\/wp\/v2\/types\/post"}],"author":[{"embeddable":true,"href":"https:\/\/radiostudiow.com.br\/site\/wp-json\/wp\/v2\/users\/2"}],"replies":[{"embeddable":true,"href":"https:\/\/radiostudiow.com.br\/site\/wp-json\/wp\/v2\/comments?post=13923"}],"version-history":[{"count":2,"href":"https:\/\/radiostudiow.com.br\/site\/wp-json\/wp\/v2\/posts\/13923\/revisions"}],"predecessor-version":[{"id":13928,"href":"https:\/\/radiostudiow.com.br\/site\/wp-json\/wp\/v2\/posts\/13923\/revisions\/13928"}],"wp:featuredmedia":[{"embeddable":true,"href":"https:\/\/radiostudiow.com.br\/site\/wp-json\/wp\/v2\/media\/13927"}],"wp:attachment":[{"href":"https:\/\/radiostudiow.com.br\/site\/wp-json\/wp\/v2\/media?parent=13923"}],"wp:term":[{"taxonomy":"category","embeddable":true,"href":"https:\/\/radiostudiow.com.br\/site\/wp-json\/wp\/v2\/categories?post=13923"},{"taxonomy":"post_tag","embeddable":true,"href":"https:\/\/radiostudiow.com.br\/site\/wp-json\/wp\/v2\/tags?post=13923"}],"curies":[{"name":"wp","href":"https:\/\/api.w.org\/{rel}","templated":true}]}}