{"id":13932,"date":"2023-07-22T15:14:26","date_gmt":"2023-07-22T18:14:26","guid":{"rendered":"https:\/\/radiostudiow.com.br\/site\/?p=13932"},"modified":"2023-07-22T15:14:36","modified_gmt":"2023-07-22T18:14:36","slug":"acidente-resulta-em-prisao-de-condutor-embriagado-em-uniao-da-vitoria","status":"publish","type":"post","link":"https:\/\/radiostudiow.com.br\/site\/2023\/07\/22\/acidente-resulta-em-prisao-de-condutor-embriagado-em-uniao-da-vitoria\/","title":{"rendered":"Acidente Resulta em Pris\u00e3o de Condutor Embriagado em Uni\u00e3o da Vit\u00f3ria"},"content":{"rendered":"\n<figure class=\"wp-block-image size-full\"><img decoding=\"async\" src=\"https:\/\/radiostudiow.com.br\/site\/wp-content\/uploads\/2022\/06\/SICREDI.jpg\" alt=\"\" class=\"wp-image-7695\"\/><\/figure>\n\n\n\n<p>Na noite de ontem, por volta das 19h00min, a equipe da Pol\u00edcia Militar de Uni\u00e3o da Vit\u00f3ria foi acionada para atender um acidente envolvendo dois autom\u00f3veis no bairro S\u00e3o Braz, em Uni\u00e3o da Vit\u00f3ria. Segundo informa\u00e7\u00f5es do boletim de ocorr\u00eancia, suspeitava-se que um dos condutores estivesse alcoolizado.<\/p>\n\n\n\n<p>Ao chegarem ao local do acidente, os policiais abordaram um dos condutores, que apresentava vis\u00edveis sinais de embriaguez. Com vestes desajustadas, odor et\u00edlico e dificuldade em caminhar, o indiv\u00edduo se apoiava em seu pr\u00f3prio ve\u00edculo para manter-se em p\u00e9.<\/p>\n\n\n\n<figure class=\"wp-block-image size-full\"><img loading=\"lazy\" decoding=\"async\" width=\"897\" height=\"204\" src=\"https:\/\/radiostudiow.com.br\/site\/wp-content\/uploads\/2023\/07\/image-10.jpg\" alt=\"\" class=\"wp-image-13707\" srcset=\"https:\/\/radiostudiow.com.br\/site\/wp-content\/uploads\/2023\/07\/image-10.jpg 897w, https:\/\/radiostudiow.com.br\/site\/wp-content\/uploads\/2023\/07\/image-10-300x68.jpg 300w, https:\/\/radiostudiow.com.br\/site\/wp-content\/uploads\/2023\/07\/image-10-768x175.jpg 768w\" sizes=\"auto, (max-width: 897px) 100vw, 897px\" \/><\/figure>\n\n\n\n<p>Diante dos ind\u00edcios evidentes de embriaguez, os policiais ofereceram ao condutor a realiza\u00e7\u00e3o do teste do etil\u00f4metro, tamb\u00e9m conhecido como baf\u00f4metro. O condutor concordou em realizar o teste, que resultou em 1,31 mg\/L de \u00e1lcool no sangue, confirmando a condu\u00e7\u00e3o do ve\u00edculo sob influ\u00eancia de \u00e1lcool. Desta forma foi dado voz de pris\u00e3o ao condutor no local.<\/p>\n\n\n\n<figure class=\"wp-block-image size-full\"><img decoding=\"async\" src=\"https:\/\/radiostudiow.com.br\/site\/wp-content\/uploads\/2022\/06\/NUTRI-MALLET.jpg\" alt=\"\" class=\"wp-image-7772\"\/><\/figure>\n","protected":false},"excerpt":{"rendered":"<p>Na noite de ontem, por volta das 19h00min, a equipe da Pol\u00edcia Militar de Uni\u00e3o da Vit\u00f3ria foi acionada para atender um acidente envolvendo dois autom\u00f3veis no bairro S\u00e3o Braz, em Uni\u00e3o da Vit\u00f3ria. Segundo informa\u00e7\u00f5es do boletim de ocorr\u00eancia, suspeitava-se que um dos condutores estivesse alcoolizado. Ao chegarem ao local do acidente, os policiais [&hellip;]<\/p>\n","protected":false},"author":2,"featured_media":13676,"comment_status":"open","ping_status":"open","sticky":false,"template":"","format":"standard","meta":{"footnotes":""},"categories":[2,185],"tags":[172],"class_list":["post-13932","post","type-post","status-publish","format-standard","has-post-thumbnail","hentry","category-policial","category-regional","tag-featured"],"amp_enabled":true,"_links":{"self":[{"href":"https:\/\/radiostudiow.com.br\/site\/wp-json\/wp\/v2\/posts\/13932","targetHints":{"allow":["GET"]}}],"collection":[{"href":"https:\/\/radiostudiow.com.br\/site\/wp-json\/wp\/v2\/posts"}],"about":[{"href":"https:\/\/radiostudiow.com.br\/site\/wp-json\/wp\/v2\/types\/post"}],"author":[{"embeddable":true,"href":"https:\/\/radiostudiow.com.br\/site\/wp-json\/wp\/v2\/users\/2"}],"replies":[{"embeddable":true,"href":"https:\/\/radiostudiow.com.br\/site\/wp-json\/wp\/v2\/comments?post=13932"}],"version-history":[{"count":1,"href":"https:\/\/radiostudiow.com.br\/site\/wp-json\/wp\/v2\/posts\/13932\/revisions"}],"predecessor-version":[{"id":13933,"href":"https:\/\/radiostudiow.com.br\/site\/wp-json\/wp\/v2\/posts\/13932\/revisions\/13933"}],"wp:featuredmedia":[{"embeddable":true,"href":"https:\/\/radiostudiow.com.br\/site\/wp-json\/wp\/v2\/media\/13676"}],"wp:attachment":[{"href":"https:\/\/radiostudiow.com.br\/site\/wp-json\/wp\/v2\/media?parent=13932"}],"wp:term":[{"taxonomy":"category","embeddable":true,"href":"https:\/\/radiostudiow.com.br\/site\/wp-json\/wp\/v2\/categories?post=13932"},{"taxonomy":"post_tag","embeddable":true,"href":"https:\/\/radiostudiow.com.br\/site\/wp-json\/wp\/v2\/tags?post=13932"}],"curies":[{"name":"wp","href":"https:\/\/api.w.org\/{rel}","templated":true}]}}