{"id":13935,"date":"2023-07-24T08:49:36","date_gmt":"2023-07-24T11:49:36","guid":{"rendered":"https:\/\/radiostudiow.com.br\/site\/?p=13935"},"modified":"2025-01-31T15:06:40","modified_gmt":"2025-01-31T18:06:40","slug":"homem-e-encontrado-morto-vitima-de-espancamento-dentro-do-centro-comunitario-desativado-na-vila-rural-de-mallet","status":"publish","type":"post","link":"https:\/\/radiostudiow.com.br\/site\/2023\/07\/24\/homem-e-encontrado-morto-vitima-de-espancamento-dentro-do-centro-comunitario-desativado-na-vila-rural-de-mallet\/","title":{"rendered":"HOMEM \u00c9\u00a0ENCONTRADO MORTO, V\u00cdTIMA DE ESPANCAMENTO DENTRO DO CENTRO COMUNIT\u00c1RIO DESATIVADO NA VILA RURAL DE MALLET"},"content":{"rendered":"\n<figure class=\"wp-block-image size-large\"><img decoding=\"async\" src=\"https:\/\/radiostudiow.com.br\/site\/wp-content\/uploads\/2023\/07\/image-34-1024x387.png\" alt=\"\" class=\"wp-image-13860\"\/><\/figure>\n\n\n\n<p>No in\u00edcio da noite deste domingo dia 23 de julho, por volta das 20:10 horas, os Bombeiros Comunit\u00e1rios da cidade de Mallet receberam uma liga\u00e7\u00e3o informando de que haveria o corpo de um homem ca\u00eddo dentro do Centro Comunit\u00e1rio desativado, na Vila Rural e infelizmente j\u00e1 estaria sem vida.<\/p>\n\n\n\n<p>De imediato os bombeiros acionaram a Pol\u00edcia Militar do Pelot\u00e3o Cabo Abr\u00e3o Kanclarovicz, que se dirigiram at\u00e9 o local e acabaram constatando o fato.<\/p>\n\n\n\n<p>Na sequ\u00eancia isolaram toda a \u00e1rea a fim de preservar evid\u00eancias do crime e acionaram os Policiais Civis da 10\u00aa DRP (Delegacia Regional Pol\u00edcia Civil de Mallet), juntamente com a Delegada Dra. Nat\u00e1lia Pereira Nichel, a qual confirmou os fatos e iniciaram todo o processo de averigua\u00e7\u00e3o ouvindo testemunhas e familiares, os quais teriam encontrado o corpo de Geraldo Stempolski.<\/p>\n\n\n\n<p>A reportagem do W NOT\u00cdCIAS da Studio W TV, conversou com os familiares de Geraldo e nos contaram que a v\u00edtima teria sa\u00eddo no s\u00e1bado \u00e0 noite para uma festa e n\u00e3o havia retornado. Sendo assim come\u00e7aram a procur\u00e1-lo. Como ele tinha o costume de ir at\u00e9&nbsp; esse Centro Comunit\u00e1rio, passaram e infelizmente encontraram o corpo ca\u00eddo e muito ensanguentado.&nbsp;<\/p>\n\n\n\n<figure class=\"wp-block-image size-full\"><img loading=\"lazy\" decoding=\"async\" width=\"897\" height=\"204\" src=\"https:\/\/radiostudiow.com.br\/site\/wp-content\/uploads\/2023\/06\/image-10.png\" alt=\"\" class=\"wp-image-13307\" srcset=\"https:\/\/radiostudiow.com.br\/site\/wp-content\/uploads\/2023\/06\/image-10.png 897w, https:\/\/radiostudiow.com.br\/site\/wp-content\/uploads\/2023\/06\/image-10-300x68.png 300w, https:\/\/radiostudiow.com.br\/site\/wp-content\/uploads\/2023\/06\/image-10-768x175.png 768w\" sizes=\"auto, (max-width: 897px) 100vw, 897px\" \/><\/figure>\n\n\n\n<p>Os policiais Militares e da 10\u00aa DRP, trabalham agora para tentar desvendar quem poderia ter cometido o crime.<\/p>\n\n\n\n<p>A Pol\u00edcia Cient\u00edfica colheu as demais provas e com base nas informa\u00e7\u00f5es, tenta descobrir de que forma ocorreu o assassinato, j\u00e1 que gotas de sangue foram encontradas na estrada que da acesso a Vila Rural e no local onde o corpo foi encontrado com muitas marcas de espancamento, principalmente na regi\u00e3o da cabe\u00e7a.&nbsp;<\/p>\n\n\n\n<p>A Policia Civil ainda ir\u00e1 trabalhar na hip\u00f3tese desse assassinato possa ter ocorrido por uma pessoa que segundo testemunhas visualizaram em p\u00e1gina nas redes sociais de um adolescente, ind\u00edcios de um espancamento de uma pessoa durante a madrugada de s\u00e1bado para domingo.<\/p>\n\n\n\n<p>Assista nesta segunda-feira dia 24 de julho no W NOT\u00cdCIAS da Studio W TV \u00e0s 19:30 horas, uma mat\u00e9ria completa com imagens da retirada do corpo pelo IML (Instituto M\u00e9dico Legal) de Uni\u00e3o da Vit\u00f3ria e tamb\u00e9m as primeiras imagens do local onde foi encontrado o corpo da v\u00edtima de homic\u00eddio ocorrido neste domingo na Vila Rural de Mallet.<\/p>\n\n\n\n<figure class=\"wp-block-image size-full\"><img decoding=\"async\" src=\"https:\/\/radiostudiow.com.br\/site\/wp-content\/uploads\/2022\/06\/NUTRI-MALLET.jpg\" alt=\"\" class=\"wp-image-7772\"\/><\/figure>\n\n\n\n<figure class=\"wp-block-gallery has-nested-images columns-1 wp-block-gallery-1 is-layout-flex wp-block-gallery-is-layout-flex\">\n<figure class=\"wp-block-image size-large\"><img decoding=\"async\" data-id=\"13936\" src=\"https:\/\/radiostudiow.com.br\/site\/wp-content\/uploads\/2023\/07\/Imagem-do-WhatsApp-de-2023-07-24-as-08.27.44-1024x768.jpg\" alt=\"\" class=\"wp-image-13936\"\/><\/figure>\n\n\n\n<figure class=\"wp-block-image size-large\"><img loading=\"lazy\" decoding=\"async\" width=\"1024\" height=\"768\" data-id=\"13937\" src=\"https:\/\/radiostudiow.com.br\/site\/wp-content\/uploads\/2023\/07\/Imagem-do-WhatsApp-de-2023-07-24-as-08.27.44-1-1024x768.jpg\" alt=\"\" class=\"wp-image-13937\" srcset=\"https:\/\/radiostudiow.com.br\/site\/wp-content\/uploads\/2023\/07\/Imagem-do-WhatsApp-de-2023-07-24-as-08.27.44-1-1024x768.jpg 1024w, https:\/\/radiostudiow.com.br\/site\/wp-content\/uploads\/2023\/07\/Imagem-do-WhatsApp-de-2023-07-24-as-08.27.44-1-300x225.jpg 300w, https:\/\/radiostudiow.com.br\/site\/wp-content\/uploads\/2023\/07\/Imagem-do-WhatsApp-de-2023-07-24-as-08.27.44-1-768x576.jpg 768w, https:\/\/radiostudiow.com.br\/site\/wp-content\/uploads\/2023\/07\/Imagem-do-WhatsApp-de-2023-07-24-as-08.27.44-1.jpg 1280w\" sizes=\"auto, (max-width: 1024px) 100vw, 1024px\" \/><\/figure>\n\n\n\n<figure class=\"wp-block-image size-large\"><img loading=\"lazy\" decoding=\"async\" width=\"1024\" height=\"653\" data-id=\"13938\" src=\"https:\/\/radiostudiow.com.br\/site\/wp-content\/uploads\/2023\/07\/Imagem-do-WhatsApp-de-2023-07-24-as-08.27.44-2-1024x653.jpg\" alt=\"\" class=\"wp-image-13938\" srcset=\"https:\/\/radiostudiow.com.br\/site\/wp-content\/uploads\/2023\/07\/Imagem-do-WhatsApp-de-2023-07-24-as-08.27.44-2-1024x653.jpg 1024w, https:\/\/radiostudiow.com.br\/site\/wp-content\/uploads\/2023\/07\/Imagem-do-WhatsApp-de-2023-07-24-as-08.27.44-2-300x191.jpg 300w, https:\/\/radiostudiow.com.br\/site\/wp-content\/uploads\/2023\/07\/Imagem-do-WhatsApp-de-2023-07-24-as-08.27.44-2-768x490.jpg 768w, https:\/\/radiostudiow.com.br\/site\/wp-content\/uploads\/2023\/07\/Imagem-do-WhatsApp-de-2023-07-24-as-08.27.44-2.jpg 1280w\" sizes=\"auto, (max-width: 1024px) 100vw, 1024px\" \/><\/figure>\n<\/figure>\n","protected":false},"excerpt":{"rendered":"<p>No in\u00edcio da noite deste domingo dia 23 de julho, por volta das 20:10 horas, os Bombeiros Comunit\u00e1rios da cidade de Mallet receberam uma liga\u00e7\u00e3o informando de que haveria o corpo de um homem ca\u00eddo dentro do Centro Comunit\u00e1rio desativado, na Vila Rural e infelizmente j\u00e1 estaria sem vida. De imediato os bombeiros acionaram a [&hellip;]<\/p>\n","protected":false},"author":2,"featured_media":0,"comment_status":"open","ping_status":"open","sticky":false,"template":"","format":"standard","meta":{"footnotes":""},"categories":[184,2],"tags":[172],"class_list":["post-13935","post","type-post","status-publish","format-standard","hentry","category-local","category-policial","tag-featured"],"amp_enabled":true,"_links":{"self":[{"href":"https:\/\/radiostudiow.com.br\/site\/wp-json\/wp\/v2\/posts\/13935","targetHints":{"allow":["GET"]}}],"collection":[{"href":"https:\/\/radiostudiow.com.br\/site\/wp-json\/wp\/v2\/posts"}],"about":[{"href":"https:\/\/radiostudiow.com.br\/site\/wp-json\/wp\/v2\/types\/post"}],"author":[{"embeddable":true,"href":"https:\/\/radiostudiow.com.br\/site\/wp-json\/wp\/v2\/users\/2"}],"replies":[{"embeddable":true,"href":"https:\/\/radiostudiow.com.br\/site\/wp-json\/wp\/v2\/comments?post=13935"}],"version-history":[{"count":1,"href":"https:\/\/radiostudiow.com.br\/site\/wp-json\/wp\/v2\/posts\/13935\/revisions"}],"predecessor-version":[{"id":13939,"href":"https:\/\/radiostudiow.com.br\/site\/wp-json\/wp\/v2\/posts\/13935\/revisions\/13939"}],"wp:attachment":[{"href":"https:\/\/radiostudiow.com.br\/site\/wp-json\/wp\/v2\/media?parent=13935"}],"wp:term":[{"taxonomy":"category","embeddable":true,"href":"https:\/\/radiostudiow.com.br\/site\/wp-json\/wp\/v2\/categories?post=13935"},{"taxonomy":"post_tag","embeddable":true,"href":"https:\/\/radiostudiow.com.br\/site\/wp-json\/wp\/v2\/tags?post=13935"}],"curies":[{"name":"wp","href":"https:\/\/api.w.org\/{rel}","templated":true}]}}