{"id":13940,"date":"2023-07-24T09:49:46","date_gmt":"2023-07-24T12:49:46","guid":{"rendered":"https:\/\/radiostudiow.com.br\/site\/?p=13940"},"modified":"2025-01-31T15:06:40","modified_gmt":"2025-01-31T18:06:40","slug":"motorista-embriagado-causa-dano-apos-colisao-com-placa-de-transito-em-cruz-machado","status":"publish","type":"post","link":"https:\/\/radiostudiow.com.br\/site\/2023\/07\/24\/motorista-embriagado-causa-dano-apos-colisao-com-placa-de-transito-em-cruz-machado\/","title":{"rendered":"Motorista embriagado causa dano ap\u00f3s colis\u00e3o com placa de tr\u00e2nsito em Cruz Machado"},"content":{"rendered":"\n<figure class=\"wp-block-image size-full\"><img decoding=\"async\" src=\"https:\/\/radiostudiow.com.br\/site\/wp-content\/uploads\/2022\/06\/SICREDI.jpg\" alt=\"\" class=\"wp-image-7695\"\/><\/figure>\n\n\n\n<p>Na noite da \u00faltima sexta-feira (21), por volta das 22h, uma ocorr\u00eancia de embriaguez ao volante resultou em danos materiais ap\u00f3s um ve\u00edculo colidir com uma placa de tr\u00e2nsito no centro da cidade de Cruz Machado.<\/p>\n\n\n\n<p>A equipe policial realizava patrulhamento nas proximidades do Terminal Rodovi\u00e1rio do munic\u00edpio quando avistou um ve\u00edculo modelo Fiat Palio sobre a cal\u00e7ada. Ao se aproximarem para verificar o ocorrido, constataram que o autom\u00f3vel havia colidido violentamente contra a placa de sinaliza\u00e7\u00e3o, que foi derrubada, e o carro veio a parar em cima de um peda\u00e7o de tronco de \u00e1rvore.<\/p>\n\n\n\n<figure class=\"wp-block-image size-full\"><img loading=\"lazy\" decoding=\"async\" width=\"897\" height=\"204\" src=\"https:\/\/radiostudiow.com.br\/site\/wp-content\/uploads\/2023\/06\/image-10.png\" alt=\"\" class=\"wp-image-13307\" srcset=\"https:\/\/radiostudiow.com.br\/site\/wp-content\/uploads\/2023\/06\/image-10.png 897w, https:\/\/radiostudiow.com.br\/site\/wp-content\/uploads\/2023\/06\/image-10-300x68.png 300w, https:\/\/radiostudiow.com.br\/site\/wp-content\/uploads\/2023\/06\/image-10-768x175.png 768w\" sizes=\"auto, (max-width: 897px) 100vw, 897px\" \/><\/figure>\n\n\n\n<p>Dentro do ve\u00edculo estavam o motorista e mais dois passageiros. O condutor, de acordo com relatos da equipe policial, apresentava claros sinais de embriaguez, tais como vestes desajustadas, forte odor et\u00edlico, olhos avermelhados e demonstrava sonol\u00eancia. Diante da suspeita, os policiais ofereceram ao motorista a realiza\u00e7\u00e3o do teste do etil\u00f4metro, conhecido popularmente como baf\u00f4metro, para aferir o n\u00edvel de alcoolemia. Entretanto, o condutor recusou-se a fazer o teste.<\/p>\n\n\n\n<p>Ap\u00f3s a constata\u00e7\u00e3o da embriaguez, o ve\u00edculo foi liberado no local do acidente, por\u00e9m o condutor foi conduzido posteriormente at\u00e9 a 4\u00aa SDP de Uni\u00e3o da Vit\u00f3ria. As medidas legais cab\u00edveis foram tomadas, e foram lavrados os autos de infra\u00e7\u00e3o de tr\u00e2nsito pertinentes ao ocorrido<\/p>\n\n\n\n<figure class=\"wp-block-image size-full\"><img decoding=\"async\" src=\"https:\/\/radiostudiow.com.br\/site\/wp-content\/uploads\/2022\/07\/AFUBRE-IRATI.jpg\" alt=\"\" class=\"wp-image-7992\"\/><\/figure>\n","protected":false},"excerpt":{"rendered":"<p>Na noite da \u00faltima sexta-feira (21), por volta das 22h, uma ocorr\u00eancia de embriaguez ao volante resultou em danos materiais ap\u00f3s um ve\u00edculo colidir com uma placa de tr\u00e2nsito no centro da cidade de Cruz Machado. A equipe policial realizava patrulhamento nas proximidades do Terminal Rodovi\u00e1rio do munic\u00edpio quando avistou um ve\u00edculo modelo Fiat Palio [&hellip;]<\/p>\n","protected":false},"author":2,"featured_media":13941,"comment_status":"open","ping_status":"open","sticky":false,"template":"","format":"standard","meta":{"footnotes":""},"categories":[2,185],"tags":[172],"class_list":["post-13940","post","type-post","status-publish","format-standard","has-post-thumbnail","hentry","category-policial","category-regional","tag-featured"],"amp_enabled":true,"_links":{"self":[{"href":"https:\/\/radiostudiow.com.br\/site\/wp-json\/wp\/v2\/posts\/13940","targetHints":{"allow":["GET"]}}],"collection":[{"href":"https:\/\/radiostudiow.com.br\/site\/wp-json\/wp\/v2\/posts"}],"about":[{"href":"https:\/\/radiostudiow.com.br\/site\/wp-json\/wp\/v2\/types\/post"}],"author":[{"embeddable":true,"href":"https:\/\/radiostudiow.com.br\/site\/wp-json\/wp\/v2\/users\/2"}],"replies":[{"embeddable":true,"href":"https:\/\/radiostudiow.com.br\/site\/wp-json\/wp\/v2\/comments?post=13940"}],"version-history":[{"count":2,"href":"https:\/\/radiostudiow.com.br\/site\/wp-json\/wp\/v2\/posts\/13940\/revisions"}],"predecessor-version":[{"id":13943,"href":"https:\/\/radiostudiow.com.br\/site\/wp-json\/wp\/v2\/posts\/13940\/revisions\/13943"}],"wp:featuredmedia":[{"embeddable":true,"href":"https:\/\/radiostudiow.com.br\/site\/wp-json\/wp\/v2\/media\/13941"}],"wp:attachment":[{"href":"https:\/\/radiostudiow.com.br\/site\/wp-json\/wp\/v2\/media?parent=13940"}],"wp:term":[{"taxonomy":"category","embeddable":true,"href":"https:\/\/radiostudiow.com.br\/site\/wp-json\/wp\/v2\/categories?post=13940"},{"taxonomy":"post_tag","embeddable":true,"href":"https:\/\/radiostudiow.com.br\/site\/wp-json\/wp\/v2\/tags?post=13940"}],"curies":[{"name":"wp","href":"https:\/\/api.w.org\/{rel}","templated":true}]}}