{"id":13944,"date":"2023-07-24T10:56:52","date_gmt":"2023-07-24T13:56:52","guid":{"rendered":"https:\/\/radiostudiow.com.br\/site\/?p=13944"},"modified":"2025-01-31T15:06:40","modified_gmt":"2025-01-31T18:06:40","slug":"mulher-e-agredida-por-seu-irmao-na-cidade-de-bituruna","status":"publish","type":"post","link":"https:\/\/radiostudiow.com.br\/site\/2023\/07\/24\/mulher-e-agredida-por-seu-irmao-na-cidade-de-bituruna\/","title":{"rendered":"Mulher \u00e9 agredida por seu irm\u00e3o em Bituruna"},"content":{"rendered":"\n<figure class=\"wp-block-image size-full\"><img decoding=\"async\" src=\"https:\/\/radiostudiow.com.br\/site\/wp-content\/uploads\/2022\/06\/vem_ai.jpg\" alt=\"\" class=\"wp-image-7789\"\/><\/figure>\n\n\n\n<p>Uma ocorr\u00eancia de les\u00e3o corporal mobilizou a Pol\u00edcia Militar na tarde de sexta-feira, 21 de julho, por volta das 16h, no munic\u00edpio de Bituruna. A equipe policial foi acionada para atender a uma situa\u00e7\u00e3o envolvendo desentendimentos familiares, com relatos de agress\u00f5es f\u00edsicas.<\/p>\n\n\n\n<p>De acordo com informa\u00e7\u00f5es recebidas, a equipe entrou em contato com a solicitante, que relatou um conflito ocorrido entre sua irm\u00e3 e seu irm\u00e3o, descrevendo este \u00faltimo como uma pessoa agressiva, o que gerou grande preocupa\u00e7\u00e3o quanto \u00e0 integridade da fam\u00edlia.<\/p>\n\n\n\n<figure class=\"wp-block-image size-full\"><img loading=\"lazy\" decoding=\"async\" width=\"897\" height=\"204\" src=\"https:\/\/radiostudiow.com.br\/site\/wp-content\/uploads\/2023\/06\/image-10.png\" alt=\"\" class=\"wp-image-13307\" srcset=\"https:\/\/radiostudiow.com.br\/site\/wp-content\/uploads\/2023\/06\/image-10.png 897w, https:\/\/radiostudiow.com.br\/site\/wp-content\/uploads\/2023\/06\/image-10-300x68.png 300w, https:\/\/radiostudiow.com.br\/site\/wp-content\/uploads\/2023\/06\/image-10-768x175.png 768w\" sizes=\"auto, (max-width: 897px) 100vw, 897px\" \/><\/figure>\n\n\n\n<p>Ao chegar ao local, os policiais conversaram com a poss\u00edvel v\u00edtima, que reside com sua m\u00e3e e irm\u00e3o. Ela narrou detalhes do desentendimento ocorrido em uma data anterior, no qual seu irm\u00e3o a empurrou e chegou ao ponto de cuspir em seu rosto, configurando um ato de viol\u00eancia f\u00edsica.<\/p>\n\n\n\n<p>Diante da situa\u00e7\u00e3o, a v\u00edtima foi devidamente orientada pelas autoridades sobre o prazo e a import\u00e2ncia de realizar uma representa\u00e7\u00e3o formal, caso deseje tomar medidas legais em rela\u00e7\u00e3o ao incidente.<\/p>\n\n\n\n<figure class=\"wp-block-image size-full\"><img decoding=\"async\" src=\"https:\/\/radiostudiow.com.br\/site\/wp-content\/uploads\/2022\/07\/WRNET.jpg\" alt=\"\" class=\"wp-image-8313\"\/><\/figure>\n","protected":false},"excerpt":{"rendered":"<p>Uma ocorr\u00eancia de les\u00e3o corporal mobilizou a Pol\u00edcia Militar na tarde de sexta-feira, 21 de julho, por volta das 16h, no munic\u00edpio de Bituruna. A equipe policial foi acionada para atender a uma situa\u00e7\u00e3o envolvendo desentendimentos familiares, com relatos de agress\u00f5es f\u00edsicas. De acordo com informa\u00e7\u00f5es recebidas, a equipe entrou em contato com a solicitante, [&hellip;]<\/p>\n","protected":false},"author":2,"featured_media":13773,"comment_status":"open","ping_status":"open","sticky":false,"template":"","format":"standard","meta":{"footnotes":""},"categories":[2,185],"tags":[172],"class_list":["post-13944","post","type-post","status-publish","format-standard","has-post-thumbnail","hentry","category-policial","category-regional","tag-featured"],"amp_enabled":true,"_links":{"self":[{"href":"https:\/\/radiostudiow.com.br\/site\/wp-json\/wp\/v2\/posts\/13944","targetHints":{"allow":["GET"]}}],"collection":[{"href":"https:\/\/radiostudiow.com.br\/site\/wp-json\/wp\/v2\/posts"}],"about":[{"href":"https:\/\/radiostudiow.com.br\/site\/wp-json\/wp\/v2\/types\/post"}],"author":[{"embeddable":true,"href":"https:\/\/radiostudiow.com.br\/site\/wp-json\/wp\/v2\/users\/2"}],"replies":[{"embeddable":true,"href":"https:\/\/radiostudiow.com.br\/site\/wp-json\/wp\/v2\/comments?post=13944"}],"version-history":[{"count":3,"href":"https:\/\/radiostudiow.com.br\/site\/wp-json\/wp\/v2\/posts\/13944\/revisions"}],"predecessor-version":[{"id":13947,"href":"https:\/\/radiostudiow.com.br\/site\/wp-json\/wp\/v2\/posts\/13944\/revisions\/13947"}],"wp:featuredmedia":[{"embeddable":true,"href":"https:\/\/radiostudiow.com.br\/site\/wp-json\/wp\/v2\/media\/13773"}],"wp:attachment":[{"href":"https:\/\/radiostudiow.com.br\/site\/wp-json\/wp\/v2\/media?parent=13944"}],"wp:term":[{"taxonomy":"category","embeddable":true,"href":"https:\/\/radiostudiow.com.br\/site\/wp-json\/wp\/v2\/categories?post=13944"},{"taxonomy":"post_tag","embeddable":true,"href":"https:\/\/radiostudiow.com.br\/site\/wp-json\/wp\/v2\/tags?post=13944"}],"curies":[{"name":"wp","href":"https:\/\/api.w.org\/{rel}","templated":true}]}}