{"id":13948,"date":"2023-07-25T11:06:40","date_gmt":"2023-07-25T14:06:40","guid":{"rendered":"https:\/\/radiostudiow.com.br\/site\/?p=13948"},"modified":"2025-01-31T15:06:40","modified_gmt":"2025-01-31T18:06:40","slug":"menos-de-24-horas-apos-o-inicio-das-investigacoes-policia-civil-apreende-adolescente-suspeito-de-cometer-assassinato-em-mallet","status":"publish","type":"post","link":"https:\/\/radiostudiow.com.br\/site\/2023\/07\/25\/menos-de-24-horas-apos-o-inicio-das-investigacoes-policia-civil-apreende-adolescente-suspeito-de-cometer-assassinato-em-mallet\/","title":{"rendered":"MENOS DE 24 HORAS AP\u00d3S O IN\u00cdCIO DAS INVESTIGA\u00c7\u00d5ES, POL\u00cdCIA CIVIL APREENDE ADOLESCENTE SUSPEITO DE COMETER ASSASSINATO EM MALLET"},"content":{"rendered":"\n<figure class=\"wp-block-image size-large\"><img decoding=\"async\" src=\"https:\/\/radiostudiow.com.br\/site\/wp-content\/uploads\/2023\/07\/image-34-1024x387.png\" alt=\"\" class=\"wp-image-13860\"\/><\/figure>\n\n\n\n<p>No in\u00edcio da noite desta segunda-feira dia 24 de julho, a Dra. Nat\u00e1lia Pereira Nichel, emitiu uma nota \u00e0 imprensa, comunicando a apreens\u00e3o de uma pessoa suspeita em ter cometido o assassinato na madrugada do \u00faltimo domingo (23), na \u00e1rea conhecida com Vila Rural no munic\u00edpio de Mallet.<\/p>\n\n\n\n<p>Trata-se de um adolescente, suspeito de ato infracional an\u00e1logo a homic\u00eddio.<\/p>\n\n\n\n<p>De acordo com a Dra. Nat\u00e1lia, respons\u00e1vel pelo comando da Delegacia Regional da Pol\u00edcia Civil de Mallet, depois de muito trabalho envolvendo tanto as pol\u00edcias Civil e a Militar, em conjunto com o Poder Judici\u00e1rio da Comarca, o qual emitiu a ordem de apreens\u00e3o do adolescente e de forma r\u00e1pida foi realizado o mandato.<\/p>\n\n\n\n<figure class=\"wp-block-image size-full\"><img loading=\"lazy\" decoding=\"async\" width=\"897\" height=\"204\" src=\"https:\/\/radiostudiow.com.br\/site\/wp-content\/uploads\/2023\/06\/image-10.png\" alt=\"\" class=\"wp-image-13307\" srcset=\"https:\/\/radiostudiow.com.br\/site\/wp-content\/uploads\/2023\/06\/image-10.png 897w, https:\/\/radiostudiow.com.br\/site\/wp-content\/uploads\/2023\/06\/image-10-300x68.png 300w, https:\/\/radiostudiow.com.br\/site\/wp-content\/uploads\/2023\/06\/image-10-768x175.png 768w\" sizes=\"auto, (max-width: 897px) 100vw, 897px\" \/><\/figure>\n\n\n\n<p>&#8220;Realizamos hoje a finaliza\u00e7\u00e3o da investiga\u00e7\u00e3o e apreens\u00e3o de um adolescente, o qual foi solucionado em menos de 24:00 horas ap\u00f3s o encontro do cad\u00e1ver e em menos de 48:00 horas da pr\u00e1tica do homic\u00eddio&#8221;, destacou a Delegada da 10\u00aa DRP.<\/p>\n\n\n\n<p>Acompanhe nesta ter\u00e7a-feira dia 25 de julho, na Studio W, dentro do W not\u00edcias, uma entrevista com a Dra. Nat\u00e1lia explicando todos os passos desta investiga\u00e7\u00e3o que acabou na apreens\u00e3o deste adolescente.<\/p>\n\n\n\n<p>Parab\u00e9ns \u00e0s Pol\u00edcias Civil e Militar em dar a resposta imediata \u00e0 popula\u00e7\u00e3o e principalmente \u00e0 fam\u00edlia da v\u00edtima.<\/p>\n\n\n\n<p>Foto: Arquivo Studio W<\/p>\n\n\n\n<figure class=\"wp-block-image size-full\"><img decoding=\"async\" src=\"https:\/\/radiostudiow.com.br\/site\/wp-content\/uploads\/2022\/06\/vem_ai.jpg\" alt=\"\" class=\"wp-image-7789\"\/><\/figure>\n","protected":false},"excerpt":{"rendered":"<p>No in\u00edcio da noite desta segunda-feira dia 24 de julho, a Dra. Nat\u00e1lia Pereira Nichel, emitiu uma nota \u00e0 imprensa, comunicando a apreens\u00e3o de uma pessoa suspeita em ter cometido o assassinato na madrugada do \u00faltimo domingo (23), na \u00e1rea conhecida com Vila Rural no munic\u00edpio de Mallet. Trata-se de um adolescente, suspeito de ato [&hellip;]<\/p>\n","protected":false},"author":2,"featured_media":13950,"comment_status":"open","ping_status":"open","sticky":false,"template":"","format":"standard","meta":{"footnotes":""},"categories":[184,2],"tags":[172],"class_list":["post-13948","post","type-post","status-publish","format-standard","has-post-thumbnail","hentry","category-local","category-policial","tag-featured"],"amp_enabled":true,"_links":{"self":[{"href":"https:\/\/radiostudiow.com.br\/site\/wp-json\/wp\/v2\/posts\/13948","targetHints":{"allow":["GET"]}}],"collection":[{"href":"https:\/\/radiostudiow.com.br\/site\/wp-json\/wp\/v2\/posts"}],"about":[{"href":"https:\/\/radiostudiow.com.br\/site\/wp-json\/wp\/v2\/types\/post"}],"author":[{"embeddable":true,"href":"https:\/\/radiostudiow.com.br\/site\/wp-json\/wp\/v2\/users\/2"}],"replies":[{"embeddable":true,"href":"https:\/\/radiostudiow.com.br\/site\/wp-json\/wp\/v2\/comments?post=13948"}],"version-history":[{"count":1,"href":"https:\/\/radiostudiow.com.br\/site\/wp-json\/wp\/v2\/posts\/13948\/revisions"}],"predecessor-version":[{"id":13951,"href":"https:\/\/radiostudiow.com.br\/site\/wp-json\/wp\/v2\/posts\/13948\/revisions\/13951"}],"wp:featuredmedia":[{"embeddable":true,"href":"https:\/\/radiostudiow.com.br\/site\/wp-json\/wp\/v2\/media\/13950"}],"wp:attachment":[{"href":"https:\/\/radiostudiow.com.br\/site\/wp-json\/wp\/v2\/media?parent=13948"}],"wp:term":[{"taxonomy":"category","embeddable":true,"href":"https:\/\/radiostudiow.com.br\/site\/wp-json\/wp\/v2\/categories?post=13948"},{"taxonomy":"post_tag","embeddable":true,"href":"https:\/\/radiostudiow.com.br\/site\/wp-json\/wp\/v2\/tags?post=13948"}],"curies":[{"name":"wp","href":"https:\/\/api.w.org\/{rel}","templated":true}]}}