{"id":13952,"date":"2023-07-25T13:30:40","date_gmt":"2023-07-25T16:30:40","guid":{"rendered":"https:\/\/radiostudiow.com.br\/site\/?p=13952"},"modified":"2025-01-31T15:06:40","modified_gmt":"2025-01-31T18:06:40","slug":"homem-e-encontrado-morto-em-uniao-da-vitoria-vitima-de-disparo-por-arma-de-fogo","status":"publish","type":"post","link":"https:\/\/radiostudiow.com.br\/site\/2023\/07\/25\/homem-e-encontrado-morto-em-uniao-da-vitoria-vitima-de-disparo-por-arma-de-fogo\/","title":{"rendered":"Homem \u00e9 encontrado morto em Uni\u00e3o da Vit\u00f3ria, v\u00edtima de disparo por arma de fogo"},"content":{"rendered":"\n<p>O Corpo de Bombeiros de Uni\u00e3o da Vit\u00f3ria atendeu por volta das 3h15 deste domingo, 23, na Rua Expedicion\u00e1rios no bairro S\u00e3o Bas\u00edlio Magno, possivelmente mais um homic\u00eddio, j\u00e1 que uma pessoa acabou morrendo v\u00edtima de disparo de arma de fogo.<\/p>\n\n\n\n<p>As informa\u00e7\u00f5es ainda n\u00e3o trazem muitos detalhes sobre o ocorrido. Apenas o relat\u00f3rio do Corpo de Bombeiros fala sobre o atendimento que foi feito, e que a v\u00edtima j\u00e1 estava morta.<\/p>\n\n\n\n<p>Segundo a PM, eles receberam a informa\u00e7\u00e3o de que havia um homem ca\u00eddo em via p\u00fablica. Deslocado at\u00e9 o local, a equipe constatou que a v\u00edtima possu\u00eda um ferimento na cabe\u00e7a e, aparentemente, j\u00e1 sem vida. Acionado o corpo de bombeiros, foi constatado o \u00f3bito e ent\u00e3o acionado o IML e demais \u00f3rg\u00e3os competentes<\/p>\n\n\n\n<p>O homem encontrado foi identificado como F\u00e1bio J\u00fanior Soares Fragoso, de 42 anos, natural de Canoinhas. O incidente ocorreu enquanto ele estava trabalhando em uma empreiteira de obras em Porto Uni\u00e3o.<\/p>\n\n\n\n<p>F\u00e1bio foi encontrado sem vida no local com um ferimento fatal na cabe\u00e7a quando a equipe de socorro chegou ao local. At\u00e9 o momento, as autoridades n\u00e3o divulgaram informa\u00e7\u00f5es sobre o suspeito ou a poss\u00edvel motiva\u00e7\u00e3o por tr\u00e1s do crime.<\/p>\n\n\n\n<p>Fonte e Fotos: <a rel=\"noreferrer noopener\" href=\"https:\/\/www.vvale.com.br\/seguranca\/identificada-a-vitima-fatal-de-disparo-de-arma-de-fogo-em-uniao-da-vitoria\/\" data-type=\"URL\" data-id=\"https:\/\/www.vvale.com.br\/seguranca\/identificada-a-vitima-fatal-de-disparo-de-arma-de-fogo-em-uniao-da-vitoria\/\" target=\"_blank\">VVale<\/a><\/p>\n","protected":false},"excerpt":{"rendered":"<p>O Corpo de Bombeiros de Uni\u00e3o da Vit\u00f3ria atendeu por volta das 3h15 deste domingo, 23, na Rua Expedicion\u00e1rios no bairro S\u00e3o Bas\u00edlio Magno, possivelmente mais um homic\u00eddio, j\u00e1 que uma pessoa acabou morrendo v\u00edtima de disparo de arma de fogo. As informa\u00e7\u00f5es ainda n\u00e3o trazem muitos detalhes sobre o ocorrido. Apenas o relat\u00f3rio do [&hellip;]<\/p>\n","protected":false},"author":2,"featured_media":13953,"comment_status":"open","ping_status":"open","sticky":false,"template":"","format":"standard","meta":{"footnotes":""},"categories":[2,185],"tags":[172],"class_list":["post-13952","post","type-post","status-publish","format-standard","has-post-thumbnail","hentry","category-policial","category-regional","tag-featured"],"amp_enabled":true,"_links":{"self":[{"href":"https:\/\/radiostudiow.com.br\/site\/wp-json\/wp\/v2\/posts\/13952","targetHints":{"allow":["GET"]}}],"collection":[{"href":"https:\/\/radiostudiow.com.br\/site\/wp-json\/wp\/v2\/posts"}],"about":[{"href":"https:\/\/radiostudiow.com.br\/site\/wp-json\/wp\/v2\/types\/post"}],"author":[{"embeddable":true,"href":"https:\/\/radiostudiow.com.br\/site\/wp-json\/wp\/v2\/users\/2"}],"replies":[{"embeddable":true,"href":"https:\/\/radiostudiow.com.br\/site\/wp-json\/wp\/v2\/comments?post=13952"}],"version-history":[{"count":1,"href":"https:\/\/radiostudiow.com.br\/site\/wp-json\/wp\/v2\/posts\/13952\/revisions"}],"predecessor-version":[{"id":13954,"href":"https:\/\/radiostudiow.com.br\/site\/wp-json\/wp\/v2\/posts\/13952\/revisions\/13954"}],"wp:featuredmedia":[{"embeddable":true,"href":"https:\/\/radiostudiow.com.br\/site\/wp-json\/wp\/v2\/media\/13953"}],"wp:attachment":[{"href":"https:\/\/radiostudiow.com.br\/site\/wp-json\/wp\/v2\/media?parent=13952"}],"wp:term":[{"taxonomy":"category","embeddable":true,"href":"https:\/\/radiostudiow.com.br\/site\/wp-json\/wp\/v2\/categories?post=13952"},{"taxonomy":"post_tag","embeddable":true,"href":"https:\/\/radiostudiow.com.br\/site\/wp-json\/wp\/v2\/tags?post=13952"}],"curies":[{"name":"wp","href":"https:\/\/api.w.org\/{rel}","templated":true}]}}