{"id":13966,"date":"2023-07-26T11:57:01","date_gmt":"2023-07-26T14:57:01","guid":{"rendered":"https:\/\/radiostudiow.com.br\/site\/?p=13966"},"modified":"2025-01-31T15:06:40","modified_gmt":"2025-01-31T18:06:40","slug":"carro-e-retirado-das-aguas-do-rio-iguacu-e-quatro-mortes-sao-confirmadas","status":"publish","type":"post","link":"https:\/\/radiostudiow.com.br\/site\/2023\/07\/26\/carro-e-retirado-das-aguas-do-rio-iguacu-e-quatro-mortes-sao-confirmadas\/","title":{"rendered":"CARRO \u00c9 RETIRADO DAS \u00c1GUAS DO RIO IGUA\u00c7U E QUATRO MORTES S\u00c3O CONFIRMADAS"},"content":{"rendered":"\n<figure class=\"wp-block-image size-large\"><img decoding=\"async\" src=\"https:\/\/radiostudiow.com.br\/site\/wp-content\/uploads\/2023\/07\/image-34-1024x387.png\" alt=\"\" class=\"wp-image-13860\"\/><\/figure>\n\n\n\n<p>O Corpo de Bombeiros confirmou que os tr\u00eas corpos encontrados dentro do ve\u00edculo Fiesta, que foi localizado submerso no Rio Igua\u00e7u, s\u00e3o dos desaparecidos. Trata-se dos irm\u00e3os Jhoni Mattoso, de 52 anos, Joseane Ferreira Mattoso, de 44 anos e Gilberto de Paula Cordeiro, de 32 anos. Al\u00e9m desses tr\u00eas ocupantes identificados, um quarto corpo foi encontrado, mas ainda n\u00e3o foi identificado.<\/p>\n\n\n\n<p>O Major Jorge Augusto, comandante do Corpo de Bombeiros de Uni\u00e3o da Vit\u00f3ria, informou que as buscas superficiais no Rio Igua\u00e7u devem come\u00e7ar na quarta-feira, dia 26. Existe a suspeita de que, al\u00e9m dos quatro corpos j\u00e1 localizados, outras pessoas possam estar envolvidas no incidente.<\/p>\n\n\n\n<figure class=\"wp-block-image size-full\"><img loading=\"lazy\" decoding=\"async\" width=\"500\" height=\"295\" src=\"https:\/\/radiostudiow.com.br\/site\/wp-content\/uploads\/2023\/07\/image-41.png\" alt=\"\" class=\"wp-image-13968\" srcset=\"https:\/\/radiostudiow.com.br\/site\/wp-content\/uploads\/2023\/07\/image-41.png 500w, https:\/\/radiostudiow.com.br\/site\/wp-content\/uploads\/2023\/07\/image-41-300x177.png 300w\" sizes=\"auto, (max-width: 500px) 100vw, 500px\" \/><\/figure>\n\n\n\n<figure class=\"wp-block-image size-full\"><img loading=\"lazy\" decoding=\"async\" width=\"897\" height=\"204\" src=\"https:\/\/radiostudiow.com.br\/site\/wp-content\/uploads\/2023\/07\/image-10.jpg\" alt=\"\" class=\"wp-image-13707\" srcset=\"https:\/\/radiostudiow.com.br\/site\/wp-content\/uploads\/2023\/07\/image-10.jpg 897w, https:\/\/radiostudiow.com.br\/site\/wp-content\/uploads\/2023\/07\/image-10-300x68.jpg 300w, https:\/\/radiostudiow.com.br\/site\/wp-content\/uploads\/2023\/07\/image-10-768x175.jpg 768w\" sizes=\"auto, (max-width: 897px) 100vw, 897px\" \/><\/figure>\n\n\n\n<p>A situa\u00e7\u00e3o do ve\u00edculo, com o vidro traseiro quebrado e a porta do passageiro aberta, refor\u00e7a a possibilidade de haver novas v\u00edtimas.<\/p>\n\n\n\n<p>Durante o trabalho de resgate na tarde desta ter\u00e7a-feira, familiares de outros dois homens que tamb\u00e9m est\u00e3o desaparecidos se dirigiram ao local e comentaram sobre rumores de que eles poderiam estar no carro, uma vez que estavam no mesmo lugar, um clube localizado no bairro S\u00e3o Joaquim, muito pr\u00f3ximo aos fatos.<\/p>\n\n\n\n<figure class=\"wp-block-video\"><video controls src=\"https:\/\/radiostudiow.com.br\/site\/wp-content\/uploads\/2023\/07\/VIDEO-TIAGO-AMARAL.mp4\"><\/video><\/figure>\n\n\n\n<h2 class=\"wp-block-heading\"><strong>Resgate<\/strong><\/h2>\n\n\n\n<p>Segundo o Major, o ve\u00edculo foi encontrado a cinco metros de profundidade e aproximadamente seis metros da margem do rio, com as rodas para cima. O mergulhador da corpora\u00e7\u00e3o levou cerca de uma hora para localizar o ve\u00edculo e, logo no primeiro contato, o Sargento Carvalho encontrou um corpo.O carro foi ent\u00e3o i\u00e7ado at\u00e9 a margem utilizando o guincho do caminh\u00e3o ABTR, e em seguida, um munck finalizou o trabalho de remo\u00e7\u00e3o.<\/p>\n\n\n\n<figure class=\"wp-block-image size-large is-resized\"><img loading=\"lazy\" decoding=\"async\" src=\"https:\/\/radiostudiow.com.br\/site\/wp-content\/uploads\/2023\/07\/MicrosoftTeams-image-1024x1024.jpg\" alt=\"\" class=\"wp-image-13960\" width=\"305\" height=\"305\" srcset=\"https:\/\/radiostudiow.com.br\/site\/wp-content\/uploads\/2023\/07\/MicrosoftTeams-image-1024x1024.jpg 1024w, https:\/\/radiostudiow.com.br\/site\/wp-content\/uploads\/2023\/07\/MicrosoftTeams-image-300x300.jpg 300w, https:\/\/radiostudiow.com.br\/site\/wp-content\/uploads\/2023\/07\/MicrosoftTeams-image-768x768.jpg 768w, https:\/\/radiostudiow.com.br\/site\/wp-content\/uploads\/2023\/07\/MicrosoftTeams-image-80x80.jpg 80w, https:\/\/radiostudiow.com.br\/site\/wp-content\/uploads\/2023\/07\/MicrosoftTeams-image.jpg 1080w\" sizes=\"auto, (max-width: 305px) 100vw, 305px\" \/><\/figure>\n\n\n\n<p><strong>Os quatro corpos estavam dentro do ve\u00edculo<\/strong>, e tanto o Instituto M\u00e9dico Legal (IML) quanto a equipe de per\u00edcia realizaram o trabalho de averigua\u00e7\u00e3o e identifica\u00e7\u00e3o das v\u00edtimas.<strong>\u201cO mergulhador executa seu trabalho tateando o local, \u00e9 um servi\u00e7o demorado e com riscos\u201d, comentou o Major.<\/strong> A corpora\u00e7\u00e3o recebeu informa\u00e7\u00f5es por volta das 15h de que o carro poderia estar no rio, ap\u00f3s populares avistaram o para-choque, um chap\u00e9u e marcas de freadas. Foi quando o trabalho teve in\u00edcio.<\/p>\n\n\n\n<figure class=\"wp-block-image size-full\"><img loading=\"lazy\" decoding=\"async\" width=\"500\" height=\"375\" src=\"https:\/\/radiostudiow.com.br\/site\/wp-content\/uploads\/2023\/07\/image-42.png\" alt=\"\" class=\"wp-image-13969\" srcset=\"https:\/\/radiostudiow.com.br\/site\/wp-content\/uploads\/2023\/07\/image-42.png 500w, https:\/\/radiostudiow.com.br\/site\/wp-content\/uploads\/2023\/07\/image-42-300x225.png 300w\" sizes=\"auto, (max-width: 500px) 100vw, 500px\" \/><\/figure>\n","protected":false},"excerpt":{"rendered":"<p>O Corpo de Bombeiros confirmou que os tr\u00eas corpos encontrados dentro do ve\u00edculo Fiesta, que foi localizado submerso no Rio Igua\u00e7u, s\u00e3o dos desaparecidos. Trata-se dos irm\u00e3os Jhoni Mattoso, de 52 anos, Joseane Ferreira Mattoso, de 44 anos e Gilberto de Paula Cordeiro, de 32 anos. Al\u00e9m desses tr\u00eas ocupantes identificados, um quarto corpo foi [&hellip;]<\/p>\n","protected":false},"author":2,"featured_media":13969,"comment_status":"open","ping_status":"open","sticky":false,"template":"","format":"standard","meta":{"footnotes":""},"categories":[2],"tags":[172],"class_list":["post-13966","post","type-post","status-publish","format-standard","has-post-thumbnail","hentry","category-policial","tag-featured"],"amp_enabled":true,"_links":{"self":[{"href":"https:\/\/radiostudiow.com.br\/site\/wp-json\/wp\/v2\/posts\/13966","targetHints":{"allow":["GET"]}}],"collection":[{"href":"https:\/\/radiostudiow.com.br\/site\/wp-json\/wp\/v2\/posts"}],"about":[{"href":"https:\/\/radiostudiow.com.br\/site\/wp-json\/wp\/v2\/types\/post"}],"author":[{"embeddable":true,"href":"https:\/\/radiostudiow.com.br\/site\/wp-json\/wp\/v2\/users\/2"}],"replies":[{"embeddable":true,"href":"https:\/\/radiostudiow.com.br\/site\/wp-json\/wp\/v2\/comments?post=13966"}],"version-history":[{"count":1,"href":"https:\/\/radiostudiow.com.br\/site\/wp-json\/wp\/v2\/posts\/13966\/revisions"}],"predecessor-version":[{"id":13970,"href":"https:\/\/radiostudiow.com.br\/site\/wp-json\/wp\/v2\/posts\/13966\/revisions\/13970"}],"wp:featuredmedia":[{"embeddable":true,"href":"https:\/\/radiostudiow.com.br\/site\/wp-json\/wp\/v2\/media\/13969"}],"wp:attachment":[{"href":"https:\/\/radiostudiow.com.br\/site\/wp-json\/wp\/v2\/media?parent=13966"}],"wp:term":[{"taxonomy":"category","embeddable":true,"href":"https:\/\/radiostudiow.com.br\/site\/wp-json\/wp\/v2\/categories?post=13966"},{"taxonomy":"post_tag","embeddable":true,"href":"https:\/\/radiostudiow.com.br\/site\/wp-json\/wp\/v2\/tags?post=13966"}],"curies":[{"name":"wp","href":"https:\/\/api.w.org\/{rel}","templated":true}]}}