{"id":13971,"date":"2023-07-26T12:10:03","date_gmt":"2023-07-26T15:10:03","guid":{"rendered":"https:\/\/radiostudiow.com.br\/site\/?p=13971"},"modified":"2025-01-31T15:06:40","modified_gmt":"2025-01-31T18:06:40","slug":"identificada-a-quarta-vitima-do-acidente-com-afogamento-em-uniao-da-vitoria","status":"publish","type":"post","link":"https:\/\/radiostudiow.com.br\/site\/2023\/07\/26\/identificada-a-quarta-vitima-do-acidente-com-afogamento-em-uniao-da-vitoria\/","title":{"rendered":"Identificada a quarta v\u00edtima do acidente com afogamento em Uni\u00e3o da Vit\u00f3ria"},"content":{"rendered":"\n<figure class=\"wp-block-image size-full\"><img decoding=\"async\" src=\"https:\/\/radiostudiow.com.br\/site\/wp-content\/uploads\/2023\/05\/image-2.png\" alt=\"\" class=\"wp-image-12867\"\/><\/figure>\n\n\n\n<p>Foi identificado como\u00a0<strong>Adriano Ribeiro Morais, de 35 anos,<\/strong>\u00a0a quarta v\u00edtima do\u00a0acidente seguido de afogamento\u00a0que aconteceu na madrugada de segunda-feira, 24, no bairro S\u00e3o Joaquim em Uni\u00e3o da Vit\u00f3ria.<\/p>\n\n\n\n<p>No ve\u00edculo tamb\u00e9m estavam presentes\u00a0<strong>Jhoni Mattoso, de 52 anos, sua irm\u00e3 Joseane Ferreira Mattoso, de 44 anos, e Gilberto de Paula Cordeiro, de 32 anos que estavam desaparecidos.<\/strong><\/p>\n\n\n\n<p>O Corpo de Bombeiros de Uni\u00e3o da Vit\u00f3ria iniciar\u00e1 nesta quarta-feira, 26, as buscas no rio Igua\u00e7u, pois h\u00e1 suspeitas de que outras pessoas possam ter estado no Ford\/Fiesta. O vidro traseiro do ve\u00edculo estava quebrado e a porta do carona estava aberta, o que refor\u00e7a essa possibilidade. Testemunhas relataram ter avistado outras pessoas pr\u00f3ximas ao grupo que estava no Clube do Cavalo.<\/p>\n\n\n\n<figure class=\"wp-block-image size-full\"><img loading=\"lazy\" decoding=\"async\" width=\"897\" height=\"204\" src=\"https:\/\/radiostudiow.com.br\/site\/wp-content\/uploads\/2023\/07\/image-10.jpg\" alt=\"\" class=\"wp-image-13707\" srcset=\"https:\/\/radiostudiow.com.br\/site\/wp-content\/uploads\/2023\/07\/image-10.jpg 897w, https:\/\/radiostudiow.com.br\/site\/wp-content\/uploads\/2023\/07\/image-10-300x68.jpg 300w, https:\/\/radiostudiow.com.br\/site\/wp-content\/uploads\/2023\/07\/image-10-768x175.jpg 768w\" sizes=\"auto, (max-width: 897px) 100vw, 897px\" \/><\/figure>\n\n\n\n<figure class=\"wp-block-image size-full\"><img loading=\"lazy\" decoding=\"async\" width=\"720\" height=\"405\" src=\"https:\/\/radiostudiow.com.br\/site\/wp-content\/uploads\/2023\/07\/image-44.png\" alt=\"\" class=\"wp-image-13973\" srcset=\"https:\/\/radiostudiow.com.br\/site\/wp-content\/uploads\/2023\/07\/image-44.png 720w, https:\/\/radiostudiow.com.br\/site\/wp-content\/uploads\/2023\/07\/image-44-300x169.png 300w\" sizes=\"auto, (max-width: 720px) 100vw, 720px\" \/><\/figure>\n","protected":false},"excerpt":{"rendered":"<p>Foi identificado como\u00a0Adriano Ribeiro Morais, de 35 anos,\u00a0a quarta v\u00edtima do\u00a0acidente seguido de afogamento\u00a0que aconteceu na madrugada de segunda-feira, 24, no bairro S\u00e3o Joaquim em Uni\u00e3o da Vit\u00f3ria. No ve\u00edculo tamb\u00e9m estavam presentes\u00a0Jhoni Mattoso, de 52 anos, sua irm\u00e3 Joseane Ferreira Mattoso, de 44 anos, e Gilberto de Paula Cordeiro, de 32 anos que estavam [&hellip;]<\/p>\n","protected":false},"author":2,"featured_media":13972,"comment_status":"open","ping_status":"open","sticky":false,"template":"","format":"standard","meta":{"footnotes":""},"categories":[2],"tags":[172],"class_list":["post-13971","post","type-post","status-publish","format-standard","has-post-thumbnail","hentry","category-policial","tag-featured"],"amp_enabled":true,"_links":{"self":[{"href":"https:\/\/radiostudiow.com.br\/site\/wp-json\/wp\/v2\/posts\/13971","targetHints":{"allow":["GET"]}}],"collection":[{"href":"https:\/\/radiostudiow.com.br\/site\/wp-json\/wp\/v2\/posts"}],"about":[{"href":"https:\/\/radiostudiow.com.br\/site\/wp-json\/wp\/v2\/types\/post"}],"author":[{"embeddable":true,"href":"https:\/\/radiostudiow.com.br\/site\/wp-json\/wp\/v2\/users\/2"}],"replies":[{"embeddable":true,"href":"https:\/\/radiostudiow.com.br\/site\/wp-json\/wp\/v2\/comments?post=13971"}],"version-history":[{"count":1,"href":"https:\/\/radiostudiow.com.br\/site\/wp-json\/wp\/v2\/posts\/13971\/revisions"}],"predecessor-version":[{"id":13974,"href":"https:\/\/radiostudiow.com.br\/site\/wp-json\/wp\/v2\/posts\/13971\/revisions\/13974"}],"wp:featuredmedia":[{"embeddable":true,"href":"https:\/\/radiostudiow.com.br\/site\/wp-json\/wp\/v2\/media\/13972"}],"wp:attachment":[{"href":"https:\/\/radiostudiow.com.br\/site\/wp-json\/wp\/v2\/media?parent=13971"}],"wp:term":[{"taxonomy":"category","embeddable":true,"href":"https:\/\/radiostudiow.com.br\/site\/wp-json\/wp\/v2\/categories?post=13971"},{"taxonomy":"post_tag","embeddable":true,"href":"https:\/\/radiostudiow.com.br\/site\/wp-json\/wp\/v2\/tags?post=13971"}],"curies":[{"name":"wp","href":"https:\/\/api.w.org\/{rel}","templated":true}]}}