{"id":13975,"date":"2023-07-26T14:11:36","date_gmt":"2023-07-26T17:11:36","guid":{"rendered":"https:\/\/radiostudiow.com.br\/site\/?p=13975"},"modified":"2023-07-26T14:12:23","modified_gmt":"2023-07-26T17:12:23","slug":"homem-e-preso-por-descumprimento-de-medida-protetiva-em-sao-mateus-do-sul","status":"publish","type":"post","link":"https:\/\/radiostudiow.com.br\/site\/2023\/07\/26\/homem-e-preso-por-descumprimento-de-medida-protetiva-em-sao-mateus-do-sul\/","title":{"rendered":"HOMEM \u00c9 PRESO POR DESCUMPRIMENTO DE MEDIDA PROTETIVA EM S\u00c3O MATEUS DO SUL"},"content":{"rendered":"\n<figure class=\"wp-block-image size-full\"><img decoding=\"async\" src=\"https:\/\/radiostudiow.com.br\/site\/wp-content\/uploads\/2023\/05\/SITE-MEDIO.png\" alt=\"\" class=\"wp-image-12661\"\/><\/figure>\n\n\n\n<p>A equipe da Pol\u00edcia Militar de S\u00e3o Mateus do Sul recebeu informa\u00e7\u00f5es sobre um mandado de pris\u00e3o em desfavor de um homem por volta das 16:20 horas desta segunda-feira (24).\u00a0<\/p>\n\n\n\n<p>De acordo com as informa\u00e7\u00f5es policiais, o autor \u00e9 morador da comunidade do Pontilh\u00e3o e o mandado foi devido a descumprimento de medida protetiva.&nbsp;<\/p>\n\n\n\n<p>A equipe RPA deslocou at\u00e9 o bairro Vila Prohmann e l\u00e1 os policiais visualizaram o homem dentro do p\u00e1tio de uma resid\u00eancia na Rua Casemiro Witkowski.&nbsp;<\/p>\n\n\n\n<p>Foi dado voz de abordagem e deixado o mesmo ciente sobre o cumprimento e conduzido at\u00e9 a Delegacia de S\u00e3o Mateus do Sul e deixado a disposi\u00e7\u00e3o do poder judici\u00e1rio.&nbsp;<\/p>\n","protected":false},"excerpt":{"rendered":"<p>A equipe da Pol\u00edcia Militar de S\u00e3o Mateus do Sul recebeu informa\u00e7\u00f5es sobre um mandado de pris\u00e3o em desfavor de um homem por volta das 16:20 horas desta segunda-feira (24).\u00a0 De acordo com as informa\u00e7\u00f5es policiais, o autor \u00e9 morador da comunidade do Pontilh\u00e3o e o mandado foi devido a descumprimento de medida protetiva.&nbsp; A [&hellip;]<\/p>\n","protected":false},"author":2,"featured_media":13898,"comment_status":"open","ping_status":"open","sticky":false,"template":"","format":"standard","meta":{"footnotes":""},"categories":[2],"tags":[172],"class_list":["post-13975","post","type-post","status-publish","format-standard","has-post-thumbnail","hentry","category-policial","tag-featured"],"amp_enabled":true,"_links":{"self":[{"href":"https:\/\/radiostudiow.com.br\/site\/wp-json\/wp\/v2\/posts\/13975","targetHints":{"allow":["GET"]}}],"collection":[{"href":"https:\/\/radiostudiow.com.br\/site\/wp-json\/wp\/v2\/posts"}],"about":[{"href":"https:\/\/radiostudiow.com.br\/site\/wp-json\/wp\/v2\/types\/post"}],"author":[{"embeddable":true,"href":"https:\/\/radiostudiow.com.br\/site\/wp-json\/wp\/v2\/users\/2"}],"replies":[{"embeddable":true,"href":"https:\/\/radiostudiow.com.br\/site\/wp-json\/wp\/v2\/comments?post=13975"}],"version-history":[{"count":3,"href":"https:\/\/radiostudiow.com.br\/site\/wp-json\/wp\/v2\/posts\/13975\/revisions"}],"predecessor-version":[{"id":13983,"href":"https:\/\/radiostudiow.com.br\/site\/wp-json\/wp\/v2\/posts\/13975\/revisions\/13983"}],"wp:featuredmedia":[{"embeddable":true,"href":"https:\/\/radiostudiow.com.br\/site\/wp-json\/wp\/v2\/media\/13898"}],"wp:attachment":[{"href":"https:\/\/radiostudiow.com.br\/site\/wp-json\/wp\/v2\/media?parent=13975"}],"wp:term":[{"taxonomy":"category","embeddable":true,"href":"https:\/\/radiostudiow.com.br\/site\/wp-json\/wp\/v2\/categories?post=13975"},{"taxonomy":"post_tag","embeddable":true,"href":"https:\/\/radiostudiow.com.br\/site\/wp-json\/wp\/v2\/tags?post=13975"}],"curies":[{"name":"wp","href":"https:\/\/api.w.org\/{rel}","templated":true}]}}