{"id":13977,"date":"2023-07-26T14:29:37","date_gmt":"2023-07-26T17:29:37","guid":{"rendered":"https:\/\/radiostudiow.com.br\/site\/?p=13977"},"modified":"2025-01-31T15:06:40","modified_gmt":"2025-01-31T18:06:40","slug":"barbearia-em-porto-uniao-sofre-danos-apos-tentativa-de-homicidio","status":"publish","type":"post","link":"https:\/\/radiostudiow.com.br\/site\/2023\/07\/26\/barbearia-em-porto-uniao-sofre-danos-apos-tentativa-de-homicidio\/","title":{"rendered":"BARBEARIA EM PORTO UNI\u00c3O SOFRE DANOS AP\u00d3S TENTATIVA DE HOMIC\u00cdDIO"},"content":{"rendered":"\n<p><\/p>\n\n\n\n<p>A Pol\u00edcia Militar de Porto Uni\u00e3o registrou uma ocorr\u00eancia de danos em uma barbearia do bairro S\u00e3o Pedro. O crime tem rela\u00e7\u00e3o com a tentativa de homic\u00eddio registrada na noite desta segunda-feira, 24 de julho, no mesmo bairro, onde o autor do crime seria suspeito de trabalhar no local.<\/p>\n\n\n\n<figure class=\"wp-block-image size-full\"><img decoding=\"async\" src=\"https:\/\/radiostudiow.com.br\/site\/wp-content\/uploads\/2023\/04\/image-12.png\" alt=\"\" class=\"wp-image-12488\"\/><\/figure>\n\n\n\n<p>De acordo com informa\u00e7\u00f5es, pouco depois de ocorrer a tentativa de homic\u00eddio, uma mulher de cal\u00e7\u00e3o jeans e moletom branco entrou na barbearia e jogou equipamentos pelo ch\u00e3o, vindo a danificar m\u00e1quinas de cortar cabelo, secador de cabelo e espelho. A cena foi registrada por c\u00e2meras de monitoramento.<\/p>\n\n\n\n<p>O propriet\u00e1rio da barbearia, o qual n\u00e3o teve liga\u00e7\u00e3o com o crime, foi informado sobre o vandalismo e acionou a Pol\u00edcia Militar para registrar o caso. Sendo orientado quanto aos procedimentos cab\u00edveis.<\/p>\n","protected":false},"excerpt":{"rendered":"<p>A Pol\u00edcia Militar de Porto Uni\u00e3o registrou uma ocorr\u00eancia de danos em uma barbearia do bairro S\u00e3o Pedro. O crime tem rela\u00e7\u00e3o com a tentativa de homic\u00eddio registrada na noite desta segunda-feira, 24 de julho, no mesmo bairro, onde o autor do crime seria suspeito de trabalhar no local. De acordo com informa\u00e7\u00f5es, pouco depois [&hellip;]<\/p>\n","protected":false},"author":2,"featured_media":10905,"comment_status":"open","ping_status":"open","sticky":false,"template":"","format":"standard","meta":{"footnotes":""},"categories":[2],"tags":[172],"class_list":["post-13977","post","type-post","status-publish","format-standard","has-post-thumbnail","hentry","category-policial","tag-featured"],"amp_enabled":true,"_links":{"self":[{"href":"https:\/\/radiostudiow.com.br\/site\/wp-json\/wp\/v2\/posts\/13977","targetHints":{"allow":["GET"]}}],"collection":[{"href":"https:\/\/radiostudiow.com.br\/site\/wp-json\/wp\/v2\/posts"}],"about":[{"href":"https:\/\/radiostudiow.com.br\/site\/wp-json\/wp\/v2\/types\/post"}],"author":[{"embeddable":true,"href":"https:\/\/radiostudiow.com.br\/site\/wp-json\/wp\/v2\/users\/2"}],"replies":[{"embeddable":true,"href":"https:\/\/radiostudiow.com.br\/site\/wp-json\/wp\/v2\/comments?post=13977"}],"version-history":[{"count":2,"href":"https:\/\/radiostudiow.com.br\/site\/wp-json\/wp\/v2\/posts\/13977\/revisions"}],"predecessor-version":[{"id":13985,"href":"https:\/\/radiostudiow.com.br\/site\/wp-json\/wp\/v2\/posts\/13977\/revisions\/13985"}],"wp:featuredmedia":[{"embeddable":true,"href":"https:\/\/radiostudiow.com.br\/site\/wp-json\/wp\/v2\/media\/10905"}],"wp:attachment":[{"href":"https:\/\/radiostudiow.com.br\/site\/wp-json\/wp\/v2\/media?parent=13977"}],"wp:term":[{"taxonomy":"category","embeddable":true,"href":"https:\/\/radiostudiow.com.br\/site\/wp-json\/wp\/v2\/categories?post=13977"},{"taxonomy":"post_tag","embeddable":true,"href":"https:\/\/radiostudiow.com.br\/site\/wp-json\/wp\/v2\/tags?post=13977"}],"curies":[{"name":"wp","href":"https:\/\/api.w.org\/{rel}","templated":true}]}}