{"id":13979,"date":"2023-07-26T14:14:49","date_gmt":"2023-07-26T17:14:49","guid":{"rendered":"https:\/\/radiostudiow.com.br\/site\/?p=13979"},"modified":"2025-01-31T15:06:40","modified_gmt":"2025-01-31T18:06:40","slug":"homem-e-preso-com-droga-em-paulo-frontin","status":"publish","type":"post","link":"https:\/\/radiostudiow.com.br\/site\/2023\/07\/26\/homem-e-preso-com-droga-em-paulo-frontin\/","title":{"rendered":"HOMEM \u00c9 PRESO COM DROGA EM PAULO FRONTIN"},"content":{"rendered":"\n<figure class=\"wp-block-image size-full is-resized\"><img loading=\"lazy\" decoding=\"async\" src=\"https:\/\/radiostudiow.com.br\/site\/wp-content\/uploads\/2023\/05\/image.png\" alt=\"\" class=\"wp-image-12658\" width=\"355\" height=\"81\"\/><\/figure>\n\n\n\n<p>A equipe da Pol\u00edcia Militar de Paulo Frontin estava realizando patrulhamento pela rodovia BR-153 por volta das 14:00 horas desta segunda-feira (24), quando avistaram um motociclista em atitude suspeita.\u00a0<\/p>\n\n\n\n<p>Os policiais realizaram a abordagem do ve\u00edculo conduzida por um masculino e em busca pessoal foi localizado no seu bolso uma por\u00e7\u00e3o de subst\u00e2ncia an\u00e1loga a maconha.&nbsp;<\/p>\n\n\n\n<p>Diante dos fatos o homem foi encaminhado at\u00e9 a sede do destacamento policial para lavratura de termo circunstanciado de infra\u00e7\u00e3o penal.<\/p>\n","protected":false},"excerpt":{"rendered":"<p>A equipe da Pol\u00edcia Militar de Paulo Frontin estava realizando patrulhamento pela rodovia BR-153 por volta das 14:00 horas desta segunda-feira (24), quando avistaram um motociclista em atitude suspeita.\u00a0 Os policiais realizaram a abordagem do ve\u00edculo conduzida por um masculino e em busca pessoal foi localizado no seu bolso uma por\u00e7\u00e3o de subst\u00e2ncia an\u00e1loga a [&hellip;]<\/p>\n","protected":false},"author":2,"featured_media":13941,"comment_status":"open","ping_status":"open","sticky":false,"template":"","format":"standard","meta":{"footnotes":""},"categories":[2],"tags":[172],"class_list":["post-13979","post","type-post","status-publish","format-standard","has-post-thumbnail","hentry","category-policial","tag-featured"],"amp_enabled":true,"_links":{"self":[{"href":"https:\/\/radiostudiow.com.br\/site\/wp-json\/wp\/v2\/posts\/13979","targetHints":{"allow":["GET"]}}],"collection":[{"href":"https:\/\/radiostudiow.com.br\/site\/wp-json\/wp\/v2\/posts"}],"about":[{"href":"https:\/\/radiostudiow.com.br\/site\/wp-json\/wp\/v2\/types\/post"}],"author":[{"embeddable":true,"href":"https:\/\/radiostudiow.com.br\/site\/wp-json\/wp\/v2\/users\/2"}],"replies":[{"embeddable":true,"href":"https:\/\/radiostudiow.com.br\/site\/wp-json\/wp\/v2\/comments?post=13979"}],"version-history":[{"count":2,"href":"https:\/\/radiostudiow.com.br\/site\/wp-json\/wp\/v2\/posts\/13979\/revisions"}],"predecessor-version":[{"id":13984,"href":"https:\/\/radiostudiow.com.br\/site\/wp-json\/wp\/v2\/posts\/13979\/revisions\/13984"}],"wp:featuredmedia":[{"embeddable":true,"href":"https:\/\/radiostudiow.com.br\/site\/wp-json\/wp\/v2\/media\/13941"}],"wp:attachment":[{"href":"https:\/\/radiostudiow.com.br\/site\/wp-json\/wp\/v2\/media?parent=13979"}],"wp:term":[{"taxonomy":"category","embeddable":true,"href":"https:\/\/radiostudiow.com.br\/site\/wp-json\/wp\/v2\/categories?post=13979"},{"taxonomy":"post_tag","embeddable":true,"href":"https:\/\/radiostudiow.com.br\/site\/wp-json\/wp\/v2\/tags?post=13979"}],"curies":[{"name":"wp","href":"https:\/\/api.w.org\/{rel}","templated":true}]}}