{"id":13989,"date":"2023-07-26T21:04:57","date_gmt":"2023-07-27T00:04:57","guid":{"rendered":"https:\/\/radiostudiow.com.br\/site\/?p=13989"},"modified":"2025-01-31T15:06:39","modified_gmt":"2025-01-31T18:06:39","slug":"pm-e-acionada-apos-acidente-de-transito-na-area-central-de-mallet","status":"publish","type":"post","link":"https:\/\/radiostudiow.com.br\/site\/2023\/07\/26\/pm-e-acionada-apos-acidente-de-transito-na-area-central-de-mallet\/","title":{"rendered":"PM \u00c9 ACIONADA AP\u00d3S ACIDENTE DE TR\u00c2NSITO NA \u00c1REA CENTRAL DE MALLET"},"content":{"rendered":"\n<figure class=\"wp-block-image size-full\"><img decoding=\"async\" src=\"https:\/\/radiostudiow.com.br\/site\/wp-content\/uploads\/2023\/02\/image-21.png\" alt=\"\" class=\"wp-image-11405\"\/><\/figure>\n\n\n\n<p>A equipe da Pol\u00edcia Militar de Mallet informou que havia ocorrido um acidente na \u00e1rea central da cidade por volta das 17:00 horas desta ter\u00e7a-feira, 25 de julho, por meio de uma solicita\u00e7\u00e3o an\u00f4nima.<\/p>\n\n\n\n<p>No primeiro momento, os policiais n\u00e3o localizaram os ve\u00edculos nem os envolvidos no acidente.<\/p>\n\n\n\n<p>Posteriormente, foi informado por transeuntes que a poss\u00edvel v\u00edtima teria sido encaminhada ao hospital para atendimento.<\/p>\n\n\n\n<p>A equipe se deslocou at\u00e9 o Hospital de Caridade S\u00e3o Pedro e entrou em contato com o senhor que seria a v\u00edtima envolvida no acidente. Ele informou que foi conduzido pelo suposto autor e que este lhe prestou todo atendimento no local, inclusive levando-o ao hospital.<\/p>\n\n\n\n<figure class=\"wp-block-image size-full\"><img loading=\"lazy\" decoding=\"async\" width=\"897\" height=\"204\" src=\"https:\/\/radiostudiow.com.br\/site\/wp-content\/uploads\/2023\/07\/image-10.jpg\" alt=\"\" class=\"wp-image-13707\" srcset=\"https:\/\/radiostudiow.com.br\/site\/wp-content\/uploads\/2023\/07\/image-10.jpg 897w, https:\/\/radiostudiow.com.br\/site\/wp-content\/uploads\/2023\/07\/image-10-300x68.jpg 300w, https:\/\/radiostudiow.com.br\/site\/wp-content\/uploads\/2023\/07\/image-10-768x175.jpg 768w\" sizes=\"auto, (max-width: 897px) 100vw, 897px\" \/><\/figure>\n\n\n\n<p>O senhor informou que n\u00e3o sofreu nenhuma les\u00e3o aparente e que n\u00e3o desejava tomar nenhuma provid\u00eancia quanto ao caso.<\/p>\n\n\n\n<p>Diante do relato do senhor, foi elaborado um boletim de ocorr\u00eancia para resguardar as partes envolvidas.<\/p>\n","protected":false},"excerpt":{"rendered":"<p>A equipe da Pol\u00edcia Militar de Mallet informou que havia ocorrido um acidente na \u00e1rea central da cidade por volta das 17:00 horas desta ter\u00e7a-feira, 25 de julho, por meio de uma solicita\u00e7\u00e3o an\u00f4nima. No primeiro momento, os policiais n\u00e3o localizaram os ve\u00edculos nem os envolvidos no acidente. Posteriormente, foi informado por transeuntes que a [&hellip;]<\/p>\n","protected":false},"author":2,"featured_media":10718,"comment_status":"open","ping_status":"open","sticky":false,"template":"","format":"standard","meta":{"footnotes":""},"categories":[2],"tags":[172],"class_list":["post-13989","post","type-post","status-publish","format-standard","has-post-thumbnail","hentry","category-policial","tag-featured"],"amp_enabled":true,"_links":{"self":[{"href":"https:\/\/radiostudiow.com.br\/site\/wp-json\/wp\/v2\/posts\/13989","targetHints":{"allow":["GET"]}}],"collection":[{"href":"https:\/\/radiostudiow.com.br\/site\/wp-json\/wp\/v2\/posts"}],"about":[{"href":"https:\/\/radiostudiow.com.br\/site\/wp-json\/wp\/v2\/types\/post"}],"author":[{"embeddable":true,"href":"https:\/\/radiostudiow.com.br\/site\/wp-json\/wp\/v2\/users\/2"}],"replies":[{"embeddable":true,"href":"https:\/\/radiostudiow.com.br\/site\/wp-json\/wp\/v2\/comments?post=13989"}],"version-history":[{"count":1,"href":"https:\/\/radiostudiow.com.br\/site\/wp-json\/wp\/v2\/posts\/13989\/revisions"}],"predecessor-version":[{"id":13990,"href":"https:\/\/radiostudiow.com.br\/site\/wp-json\/wp\/v2\/posts\/13989\/revisions\/13990"}],"wp:featuredmedia":[{"embeddable":true,"href":"https:\/\/radiostudiow.com.br\/site\/wp-json\/wp\/v2\/media\/10718"}],"wp:attachment":[{"href":"https:\/\/radiostudiow.com.br\/site\/wp-json\/wp\/v2\/media?parent=13989"}],"wp:term":[{"taxonomy":"category","embeddable":true,"href":"https:\/\/radiostudiow.com.br\/site\/wp-json\/wp\/v2\/categories?post=13989"},{"taxonomy":"post_tag","embeddable":true,"href":"https:\/\/radiostudiow.com.br\/site\/wp-json\/wp\/v2\/tags?post=13989"}],"curies":[{"name":"wp","href":"https:\/\/api.w.org\/{rel}","templated":true}]}}