{"id":13991,"date":"2023-07-26T21:09:59","date_gmt":"2023-07-27T00:09:59","guid":{"rendered":"https:\/\/radiostudiow.com.br\/site\/?p=13991"},"modified":"2025-01-31T15:06:39","modified_gmt":"2025-01-31T18:06:39","slug":"pm-de-mallet-e-acionada-para-atender-acidente-de-transito","status":"publish","type":"post","link":"https:\/\/radiostudiow.com.br\/site\/2023\/07\/26\/pm-de-mallet-e-acionada-para-atender-acidente-de-transito\/","title":{"rendered":"PM DE MALLET \u00c9 ACIONADA PARA ATENDER ACIDENTE DE TR\u00c2NSITO"},"content":{"rendered":"\n<p>A equipe da Pol\u00edcia Militar de Mallet foi acionada por uma mulher, a qual relatou um poss\u00edvel acidente de tr\u00e2nsito no Bairro Eldorado. De acordo com a solicitante que vinha de passageira de Irati para Mallet, ela teria visualizado um ve\u00edculo que havia sa\u00eddo da pista.O fato ocorreu por volta das 19:00 horas desta ter\u00e7a-feira (25).<\/p>\n\n\n\n<figure class=\"wp-block-image size-large\"><img decoding=\"async\" src=\"https:\/\/radiostudiow.com.br\/site\/wp-content\/uploads\/2023\/05\/image-8-1024x392.png\" alt=\"\" class=\"wp-image-12937\"\/><\/figure>\n\n\n\n<p>Diante dos fatos, a equipe deslocou at\u00e9 o local e constatou um ve\u00edculo Toyota Bandeirantes de cor cinza, tombado fora da via. O condutor do ve\u00edculo foi socorrido pelo corpo de bombeiros, o qual informou que levaria a v\u00edtima at\u00e9 sua resid\u00eancia. O propriet\u00e1rio do ve\u00edculo informou que retiraria o ve\u00edculo no dia seguinte.<\/p>\n","protected":false},"excerpt":{"rendered":"<p>A equipe da Pol\u00edcia Militar de Mallet foi acionada por uma mulher, a qual relatou um poss\u00edvel acidente de tr\u00e2nsito no Bairro Eldorado. De acordo com a solicitante que vinha de passageira de Irati para Mallet, ela teria visualizado um ve\u00edculo que havia sa\u00eddo da pista.O fato ocorreu por volta das 19:00 horas desta ter\u00e7a-feira [&hellip;]<\/p>\n","protected":false},"author":2,"featured_media":10671,"comment_status":"open","ping_status":"open","sticky":false,"template":"","format":"standard","meta":{"footnotes":""},"categories":[2],"tags":[172],"class_list":["post-13991","post","type-post","status-publish","format-standard","has-post-thumbnail","hentry","category-policial","tag-featured"],"amp_enabled":true,"_links":{"self":[{"href":"https:\/\/radiostudiow.com.br\/site\/wp-json\/wp\/v2\/posts\/13991","targetHints":{"allow":["GET"]}}],"collection":[{"href":"https:\/\/radiostudiow.com.br\/site\/wp-json\/wp\/v2\/posts"}],"about":[{"href":"https:\/\/radiostudiow.com.br\/site\/wp-json\/wp\/v2\/types\/post"}],"author":[{"embeddable":true,"href":"https:\/\/radiostudiow.com.br\/site\/wp-json\/wp\/v2\/users\/2"}],"replies":[{"embeddable":true,"href":"https:\/\/radiostudiow.com.br\/site\/wp-json\/wp\/v2\/comments?post=13991"}],"version-history":[{"count":1,"href":"https:\/\/radiostudiow.com.br\/site\/wp-json\/wp\/v2\/posts\/13991\/revisions"}],"predecessor-version":[{"id":13992,"href":"https:\/\/radiostudiow.com.br\/site\/wp-json\/wp\/v2\/posts\/13991\/revisions\/13992"}],"wp:featuredmedia":[{"embeddable":true,"href":"https:\/\/radiostudiow.com.br\/site\/wp-json\/wp\/v2\/media\/10671"}],"wp:attachment":[{"href":"https:\/\/radiostudiow.com.br\/site\/wp-json\/wp\/v2\/media?parent=13991"}],"wp:term":[{"taxonomy":"category","embeddable":true,"href":"https:\/\/radiostudiow.com.br\/site\/wp-json\/wp\/v2\/categories?post=13991"},{"taxonomy":"post_tag","embeddable":true,"href":"https:\/\/radiostudiow.com.br\/site\/wp-json\/wp\/v2\/tags?post=13991"}],"curies":[{"name":"wp","href":"https:\/\/api.w.org\/{rel}","templated":true}]}}